{"id":316445,"date":"2025-08-13T14:28:12","date_gmt":"2025-08-13T14:28:12","guid":{"rendered":"https:\/\/www.europesays.com\/fr\/316445\/"},"modified":"2025-08-13T14:28:12","modified_gmt":"2025-08-13T14:28:12","slug":"une-projection-de-barbie-annulee-a-noisy-le-sec-apres-des-menaces-rachida-dati-annonce-une-plainte","status":"publish","type":"post","link":"https:\/\/www.europesays.com\/fr\/316445\/","title":{"rendered":"Une projection de \u00ab\u00a0Barbie\u00a0\u00bb annul\u00e9e \u00e0 Noisy-le-Sec apr\u00e8s des menaces, Rachida Dati annonce une plainte"},"content":{"rendered":"<p>        <img decoding=\"async\" loading=\"lazy\" src=\"https:\/\/www.europesays.com\/fr\/wp-content\/uploads\/2025\/08\/6eef604_1690711324706-screenshot-2023-07-30-12-02-00.png\"  width=\"728\" height=\"410\" alt=\"Une diffusion de la com\u00e9die am\u00e9ricaine \u00ab\u00a0Barbie\u00a0\u00bb, sortie \u00e0 l\u2019\u00e9t\u00e9 2023, a d\u00fb \u00eatre annul\u00e9e \u00e0 Noisy-le-Sec en raison de menaces venues d\u2019un petit groupe d\u2019habitants.\"\/>  <\/p>\n<p>Warner Bros.<\/p>\n<p>Une diffusion de la com\u00e9die am\u00e9ricaine \u00ab\u00a0Barbie\u00a0\u00bb, sortie \u00e0 l\u2019\u00e9t\u00e9 2023, a d\u00fb \u00eatre annul\u00e9e \u00e0 Noisy-le-Sec en raison de menaces venues d\u2019un petit groupe d\u2019habitants.<\/p>\n<p class=\"asset asset-text\">FRANCE &#8211; C\u2019est une simple s\u00e9ance de <a href=\"https:\/\/www.huffingtonpost.fr\/culture\/video\/ces-cinephiles-nous-racontent-la-scene-de-sexe-qui-leur-a-donne-le-plus-chaud-devant-un-film_253471.html\" target=\"_blank\" rel=\"noopener\">cin\u00e9ma<\/a> en plein air, qui a pris une tournure plus que houleuse. Alors que la mairie de Noisy-le-Sec, en Seine-Saint-Denis, organisait le vendredi 8\u00a0ao\u00fbt dernier pour le cinqui\u00e8me \u00e9t\u00e9 cons\u00e9cutif la projection d\u2019un film \u00ab\u00a0pour celles et ceux qui n\u2019ont pas la chance de partir en vacances, et en particulier les enfants\u00a0\u00bb, l\u2019\u00e9v\u00e9nement a \u00e9t\u00e9 annul\u00e9 en raison du choix du long-m\u00e9trage\u00a0: la com\u00e9die am\u00e9ricaine <a href=\"https:\/\/www.huffingtonpost.fr\/culture\/article\/le-film-barbie-dernier-tour-de-force-de-mattel-pour-redorer-l-image-de-sa-celebre-poupee_220735.html\" target=\"_blank\" rel=\"noopener\">Barbie<\/a>, sortie en 2023.<\/p>\n<p class=\"asset asset-text\">Le maire communiste de Noisy-le-Sec, Olivier Sarrabeyrouse,<strong> <\/strong>affirme avoir pris cette d\u00e9cision en raison de menaces. \u00ab\u00a0Je d\u00e9plore qu\u2019un petit groupe du quartier ait mobilis\u00e9 son \u00e9nergie sous la pression d\u2019un individu pour emp\u00eacher la projection de ce film, pourtant class\u00e9 tout public en France lors de sa sortie au cin\u00e9ma en 2023\u00a0\u00bb, a-t-il affirm\u00e9 <a href=\"https:\/\/www.noisylesec.fr\/actualites\/seance-du-cine-plein-air-au-londeau-je-deplore-quun-petit-groupe-du-quartier-ait-sous-la-pression-dun-individu-empeche-la-projection-du-film\/\" target=\"_blank\" rel=\"noopener\" title=\"Nouvelle fen\u00eatre\">dans un communiqu\u00e9<\/a>.<\/p>\n<p class=\"asset asset-text\">Pour quelles raisons faire annuler cette com\u00e9die am\u00e9ricaine avec Margot Robbie et Ryan Gosling, qui tournait en d\u00e9rision le patriarcat qui avait fait un carton au box-office\u00a0? \u00ab\u00a0Ces menaces ont \u00e9t\u00e9 motiv\u00e9es par des arguments fallacieux, traduisant l\u2019obscurantisme et le fondamentalisme instrumentalis\u00e9s \u00e0 des fins politiques\u00a0\u00bb, \u00e9crit l\u2019\u00e9dile.<\/p>\n<p class=\"asset asset-text\">\u00ab\u00a0Ils disaient que \u00e7a pr\u00f4ne l\u2019homosexualit\u00e9, et que c\u2019est une atteinte \u00e0 l\u2019int\u00e9grit\u00e9 de la femme\u00a0\u00bb, a-t-il compl\u00e9t\u00e9 aupr\u00e8s du <a href=\"https:\/\/www.leparisien.fr\/seine-saint-denis-93\/noisy-le-sec-la-projection-du-film-barbie-empechee-par-un-groupe-agressif-le-maire-annonce-porter-plainte-12-08-2025-ZCONHPB4H5AW5CKMSGFDSJXJVE.php?ts=1755086832593\" target=\"_blank\" rel=\"noopener\" title=\"Nouvelle fen\u00eatre\">Parisien<\/a>. Mais cette opposition est all\u00e9e beaucoup plus loin. \u00ab\u00a0Tandis que les agents installaient [la s\u00e9ance], des jeunes les ont menac\u00e9s, disant qu\u2019ils allaient emp\u00eacher le visionnage et d\u00e9molir le mat\u00e9riel. Les agents ont essay\u00e9 de discuter mais c\u2019est devenu tr\u00e8s agressif. Comme ils se sentaient en danger, les agents m\u2019ont appel\u00e9. C\u2019est moi qui ai pris la d\u00e9cision d\u2019annuler la s\u00e9ance\u00a0\u00bb, a poursuivi Olivier Sarrabeyrouse, rappelant que c\u2019\u00e9tait bel et bien les habitants de la ville qui avaient pu choisir ce film via une consultation publique, et affirmant qu\u2019il allait d\u00e9poser une plainte.<\/p>\n<p>                     Dati d\u00e9nonce une \u00ab\u00a0atteinte grave\u00a0\u00bb    <\/p>\n<p class=\"asset asset-text\">Si la sc\u00e8ne s\u2019est produite vendredi dernier, c\u2019est en d\u00e9but de semaine qu\u2019elle a pris de l\u2019ampleur. Et notamment par l\u2019interm\u00e9diaire de la ministre de la Culture elle-m\u00eame, Rachida Dati, qui a confirm\u00e9 qu\u2019une \u00ab\u00a0plainte est en cours\u00a0\u00bb apr\u00e8s ces menaces. \u00ab\u00a0Encore une atteinte grave \u00e0 la programmation privant familles et enfants d\u2019une activit\u00e9 culturelle. Depuis 1 an, j\u2019ai pris des mesures fermes contre ces atteintes graves devenues une nouvelle forme de d\u00e9linquance\u00a0\u00bb, a-t-elle r\u00e9agi sur X ce mercredi 13\u00a0ao\u00fbt. \u00ab\u00a0Des int\u00e9gristes religieux islamistes exercent un contr\u00f4le social fort et efficace\u00a0!\u00a0\u00bb, a quant \u00e0 elle lanc\u00e9 sur X la s\u00e9natrice LR Val\u00e9rie Boyer.<\/p>\n<p> La lecture de ce contenu est susceptible d\u2019entra\u00eener un d\u00e9p\u00f4t de cookies de la part de l\u2019op\u00e9rateur tiers qui l\u2019h\u00e9berge. Compte-tenu des choix que vous avez exprim\u00e9s en mati\u00e8re de d\u00e9p\u00f4t de cookies, nous avons bloqu\u00e9 l\u2019affichage de ce contenu. Si vous souhaitez y acc\u00e9der, vous devez accepter la cat\u00e9gorie de cookies \u201cContenus tiers\u201d en cliquant sur le bouton ci-dessous. <\/p>\n<p> Lire la Vid\u00e9o        <\/p>\n<p class=\"asset asset-text\">La d\u00e9put\u00e9e insoumise de la circonscription, Aur\u00e9lie Trouv\u00e9, a quant \u00e0 elle dit avoir appris avec \u00ab\u00a0consternation\u00a0\u00bb l\u2019annulation de cette projection. \u00ab\u00a0Ce sont encore une fois les familles et les enfants, qui ne partent pas en vacances, qui sont priv\u00e9s de ces moments pr\u00e9cieux de convivialit\u00e9 et de culture durant l\u2019\u00e9t\u00e9. Je tiens \u00e0 exprimer tout mon soutien au maire, qui a d\u00e9cid\u00e9 de porter plainte, ainsi qu\u2019aux agents municipaux qui ont \u00e9t\u00e9 menac\u00e9s\u00a0\u00bb, a-t-elle \u00e9crit sur X.<\/p>\n<p class=\"asset asset-text\">Lors de sa sortie, le film avait \u00e9t\u00e9 interdit de diffusion dans plusieurs dont le Kowe\u00eft, l\u2019Alg\u00e9rie, le Liban, ou le Vietnam. Le Kowe\u00eft avait d\u00e9nonc\u00e9 une \u00ab\u00a0atteinte \u00e0 la morale publique\u00a0\u00bb et pr\u00e9cis\u00e9 que \u00ab\u00a0tout film qui contrevient aux valeurs et traditions de notre soci\u00e9t\u00e9\u00a0\u00bb devait \u00eatre interdit. Le Liban l\u2019a quant \u00e0 lui interdit en raison de \u00ab\u00a0la promotion de l\u2019homosexualit\u00e9\u00a0\u00bb.<\/p>\n","protected":false},"excerpt":{"rendered":"Warner Bros. Une diffusion de la com\u00e9die am\u00e9ricaine \u00ab\u00a0Barbie\u00a0\u00bb, sortie \u00e0 l\u2019\u00e9t\u00e9 2023, a d\u00fb \u00eatre annul\u00e9e \u00e0&hellip;\n","protected":false},"author":2,"featured_media":316446,"comment_status":"","ping_status":"","sticky":false,"template":"","format":"standard","meta":{"footnotes":""},"categories":[8],"tags":[7207,650,251,58,59,1011,27,1945],"class_list":{"0":"post-316445","1":"post","2":"type-post","3":"status-publish","4":"format-standard","5":"has-post-thumbnail","7":"category-divertissement","8":"tag-barbie","9":"tag-cinema","10":"tag-culture","11":"tag-divertissement","12":"tag-entertainment","13":"tag-fr","14":"tag-france","15":"tag-seine-saint-denis"},"share_on_mastodon":{"url":"https:\/\/pubeurope.com\/@fr\/115021932718280931","error":""},"_links":{"self":[{"href":"https:\/\/www.europesays.com\/fr\/wp-json\/wp\/v2\/posts\/316445","targetHints":{"allow":["GET"]}}],"collection":[{"href":"https:\/\/www.europesays.com\/fr\/wp-json\/wp\/v2\/posts"}],"about":[{"href":"https:\/\/www.europesays.com\/fr\/wp-json\/wp\/v2\/types\/post"}],"author":[{"embeddable":true,"href":"https:\/\/www.europesays.com\/fr\/wp-json\/wp\/v2\/users\/2"}],"replies":[{"embeddable":true,"href":"https:\/\/www.europesays.com\/fr\/wp-json\/wp\/v2\/comments?post=316445"}],"version-history":[{"count":0,"href":"https:\/\/www.europesays.com\/fr\/wp-json\/wp\/v2\/posts\/316445\/revisions"}],"wp:featuredmedia":[{"embeddable":true,"href":"https:\/\/www.europesays.com\/fr\/wp-json\/wp\/v2\/media\/316446"}],"wp:attachment":[{"href":"https:\/\/www.europesays.com\/fr\/wp-json\/wp\/v2\/media?parent=316445"}],"wp:term":[{"taxonomy":"category","embeddable":true,"href":"https:\/\/www.europesays.com\/fr\/wp-json\/wp\/v2\/categories?post=316445"},{"taxonomy":"post_tag","embeddable":true,"href":"https:\/\/www.europesays.com\/fr\/wp-json\/wp\/v2\/tags?post=316445"}],"curies":[{"name":"wp","href":"https:\/\/api.w.org\/{rel}","templated":true}]}}