{"id":316449,"date":"2025-08-13T14:30:17","date_gmt":"2025-08-13T14:30:17","guid":{"rendered":"https:\/\/www.europesays.com\/fr\/316449\/"},"modified":"2025-08-13T14:30:17","modified_gmt":"2025-08-13T14:30:17","slug":"avions-de-combat-f-35-la-suisse-maintient-son-projet-dacquisition-malgre-les-surcouts-xxl-et-les-refus-de-ladministration-trump-13-08-2025-a-1532","status":"publish","type":"post","link":"https:\/\/www.europesays.com\/fr\/316449\/","title":{"rendered":"Avions de combat F-35 : la Suisse \u00ab\u00a0maintient son projet d&rsquo;acquisition\u00a0\u00bb malgr\u00e9 les surco\u00fbts XXL et les refus de l&rsquo;administration Trump &#8211; 13\/08\/2025 \u00e0 15:32"},"content":{"rendered":"<p> Le surco\u00fbt du programme d&rsquo;achat helv\u00e9tique est estim\u00e9 entre 650 millions et 1,3 milliard de francs suisses pour une enveloppe globale initiale de quelque 6 milliards de francs (6,38 milliards d&rsquo;euros).<\/p>\n<p>        <img fetchpriority=\"high\" decoding=\"async\" src=\"https:\/\/www.europesays.com\/fr\/wp-content\/uploads\/2025\/08\/9346e7813808825b36fdd5136dc3db41-760x507.jpg\" alt=\"(illustration) ( AFP \/ LILLIAN SUWANRUMPHA )\" loading=\"eager\" width=\"760\" height=\"507\" style=\"max-width: 100%!important; height: auto;\"\/><\/p>\n<p class=\"c-image-news__legend\">(illustration) ( AFP \/ LILLIAN SUWANRUMPHA )<\/p>\n<p>\n En d\u00e9pit des mauvaises surprises sur la facture finale, la Suisse \u00ab\u00a0maintient son projet d&rsquo;acquisition\u00a0\u00bb des avions de combats am\u00e9ricains F-35, malgr\u00e9 le refus absolu de l&rsquo;administration Trump de transiger.\n<\/p>\n<p>\n Le Conseil f\u00e9d\u00e9ral \u00ab\u00a0entend prot\u00e9ger la Suisse contre les menaces a\u00e9riennes avec cet avion qui dispose d&rsquo;une avance technologique importante par rapport \u00e0 d&rsquo;autres appareils et qui est d\u00e9sormais largement r\u00e9pandu dans les pays europ\u00e9ens\u00a0\u00bb, fait valoir le gouvernement suisse dans un communiqu\u00e9, mercredi 13 ao\u00fbt.\n<\/p>\n<p>\n Le gouvernement confirme donc ce choix controvers\u00e9 en raison des nombreux probl\u00e8mes techniques rencontr\u00e9s par le programme F-35 aux \u00c9tats-Unis et ce malgr\u00e9 un surco\u00fbt de 650 millions \u00e0 1,3 milliard de francs suisses pour une enveloppe globale initiale de quelque 6 milliards de francs (6,38 milliards d&rsquo;euros).<br \/>\n <strong><br \/>\n  En juin, le ministre de la D\u00e9fense Martin Pfister avait \u00e9voqu\u00e9 l&rsquo;hypoth\u00e8se d&rsquo;acheter moins que les 36 appareils pr\u00e9vus<br \/>\n <\/strong><br \/>\n pour rester dans les clous financiers approuv\u00e9s par referendum en septembre 2020. En d\u00e9but de semaine, le ministre avait laiss\u00e9 entrevoir un revirement,<br \/>\n <a href=\"https:\/\/www.boursorama.com\/actualite-economique\/actualites\/droits-de-douane-la-suisse-prete-a-acheter-plus-d-armes-americaines-pour-apaiser-donald-trump-9831b4c37077327afd614522ffbabc44\" title=\"Droits de douane : la Suisse pr\u00eate \u00e0 acheter plus d armes am\u00e9ricaines pour apaiser Donald Trump\" rel=\"nofollow noopener\" target=\"_blank\"><br \/>\n  \u00e9voquant des possibilit\u00e9s d&rsquo;acheter davantage d&rsquo;armes am\u00e9ricaines<br \/>\n <\/a><br \/>\n pour s&rsquo;\u00e9pargner les foudres tarifaires de l&rsquo;administration Trump.\n<\/p>\n<p> Pendant ce temps-l\u00e0, des droits de douane \u00e0 39%<\/p>\n<p>\n Les livraisons doivent d\u00e9buter en 2027 et en attendant le Conseil a charg\u00e9 le futur commandant des forces a\u00e9riennes suisses de repasser au crible le rapport sur \u00ab\u00a0l&rsquo;avenir de la d\u00e9fense a\u00e9rienne\u00a0\u00bb publi\u00e9 en 2017. Le divisionnaire (g\u00e9n\u00e9ral) Christian Oppliger devra d\u00e9terminer ce qui reste valable dans ce document et sera charg\u00e9 de r\u00e9\u00e9valuer l&rsquo;\u00e9quipement de la d\u00e9fense a\u00e9rienne \u00ab\u00a0en tenant compte de la situation financi\u00e8re et de politique de s\u00e9curit\u00e9\u00a0\u00bb.\n<\/p>\n<p>\n Les critiques de nombreux \u00e9lus et de la presse sur la gestion de ce dossier sont venues s&rsquo;ajouter \u00e0 celles plus r\u00e9centes li\u00e9es au camouflet inflig\u00e9 \u00e0 la Suisse et ses dirigeants par le pr\u00e9sident Donald Trump. Il a impos\u00e9 39% de droits de douane punitifs aux produits helv\u00e9tiques import\u00e9s aux \u00c9tats-Unis, qui plus est le jour de la f\u00eate nationale suisse.\n<\/p>\n<p> Projet adopt\u00e9 in extremis<\/p>\n<p>\n C&rsquo;est l&rsquo;un des taux les plus \u00e9lev\u00e9s assen\u00e9 par le pr\u00e9sident am\u00e9ricain qui risque de peser lourd sur l&rsquo;\u00e9conomie du petit pays alpin tr\u00e8s orient\u00e9e vers l&rsquo;export. Les Suisses avaient donn\u00e9 leur blanc seing \u00e0 une tr\u00e8s courte majorit\u00e9 d&rsquo;\u00e0 peine plus de 50% \u00e0 une enveloppe de 6 milliards de francs pour que le pays se dote d&rsquo;une nouvelle flotte, les appareils en service F\/A-18 arrivant en fin de vie vers 2030.\n<\/p>\n<p>\n Lors du choix du F-35, le gouvernement suisse avait affirm\u00e9 que l&rsquo;avion am\u00e9ricain \u00e9tait de loin le meilleur, au prix le plus bas de tous les concurrents en lice pour le contrat (Rafale, F\/A-18 et Eurofighter).<\/p>\n","protected":false},"excerpt":{"rendered":"Le surco\u00fbt du programme d&rsquo;achat helv\u00e9tique est estim\u00e9 entre 650 millions et 1,3 milliard de francs suisses pour&hellip;\n","protected":false},"author":2,"featured_media":316450,"comment_status":"","ping_status":"","sticky":false,"template":"","format":"standard","meta":{"footnotes":""},"categories":[6],"tags":[400,398,408,35,405,33,34,1011,27,403,402,399,404,401,406,407],"class_list":{"0":"post-316449","1":"post","2":"type-post","3":"status-publish","4":"format-standard","5":"has-post-thumbnail","7":"category-economie","8":"tag-action-cac-40","9":"tag-bourse-de-paris","10":"tag-boursorama","11":"tag-business","12":"tag-cotations","13":"tag-economie","14":"tag-economy","15":"tag-fr","16":"tag-france","17":"tag-indices-devises","18":"tag-investir","19":"tag-investissement","20":"tag-marche-boursier","21":"tag-sicav","22":"tag-trackers","23":"tag-warrants"},"share_on_mastodon":{"url":"https:\/\/pubeurope.com\/@fr\/115021940298523501","error":""},"_links":{"self":[{"href":"https:\/\/www.europesays.com\/fr\/wp-json\/wp\/v2\/posts\/316449","targetHints":{"allow":["GET"]}}],"collection":[{"href":"https:\/\/www.europesays.com\/fr\/wp-json\/wp\/v2\/posts"}],"about":[{"href":"https:\/\/www.europesays.com\/fr\/wp-json\/wp\/v2\/types\/post"}],"author":[{"embeddable":true,"href":"https:\/\/www.europesays.com\/fr\/wp-json\/wp\/v2\/users\/2"}],"replies":[{"embeddable":true,"href":"https:\/\/www.europesays.com\/fr\/wp-json\/wp\/v2\/comments?post=316449"}],"version-history":[{"count":0,"href":"https:\/\/www.europesays.com\/fr\/wp-json\/wp\/v2\/posts\/316449\/revisions"}],"wp:featuredmedia":[{"embeddable":true,"href":"https:\/\/www.europesays.com\/fr\/wp-json\/wp\/v2\/media\/316450"}],"wp:attachment":[{"href":"https:\/\/www.europesays.com\/fr\/wp-json\/wp\/v2\/media?parent=316449"}],"wp:term":[{"taxonomy":"category","embeddable":true,"href":"https:\/\/www.europesays.com\/fr\/wp-json\/wp\/v2\/categories?post=316449"},{"taxonomy":"post_tag","embeddable":true,"href":"https:\/\/www.europesays.com\/fr\/wp-json\/wp\/v2\/tags?post=316449"}],"curies":[{"name":"wp","href":"https:\/\/api.w.org\/{rel}","templated":true}]}}