{"id":316451,"date":"2025-08-13T14:31:11","date_gmt":"2025-08-13T14:31:11","guid":{"rendered":"https:\/\/www.europesays.com\/fr\/316451\/"},"modified":"2025-08-13T14:31:11","modified_gmt":"2025-08-13T14:31:11","slug":"la-volonte-americaine-est-dobtenir-un-cessez-le-feu-lors-du-sommet-en-alaska-assure-emmanuel-macron","status":"publish","type":"post","link":"https:\/\/www.europesays.com\/fr\/316451\/","title":{"rendered":"\u00ab\u00a0La volont\u00e9 am\u00e9ricaine est d\u2019obtenir un cessez-le-feu\u00a0\u00bb lors du sommet en Alaska, assure Emmanuel Macron"},"content":{"rendered":"<p>   \u00ab\u00a0Les questions territoriales ne seront n\u00e9goci\u00e9es\u00a0\u00bb que par Volodymyr Zelensky, assure Emmanuel Macron apr\u00e8s un \u00e9change avec Donald Trump               <img decoding=\"async\" class=\"post__live-container--img post__space-node\"  src=\"https:\/\/www.europesays.com\/fr\/wp-content\/uploads\/2025\/08\/0f819b0_upload-1-wcqgr5fh2ckg-045036.jpg\" data- alt=\"Emmanuel Macron accompagn\u00e9 d\u2019Antonio Costa, pr\u00e9sident du Conseil europ\u00e9en, et des ministres de la d\u00e9fense S\u00e9bastien Lecornu et des affaires \u00e9trang\u00e8res, Jean-No\u00ebl Barrot, \u00e0 l\u2019Elys\u00e9e, le 13\u00a0ao\u00fbt 2025.\"\/>   Emmanuel Macron accompagn\u00e9 d\u2019Antonio Costa, pr\u00e9sident du Conseil europ\u00e9en, et des ministres de la d\u00e9fense S\u00e9bastien Lecornu et des affaires \u00e9trang\u00e8res, Jean-No\u00ebl Barrot, \u00e0 l\u2019Elys\u00e9e, le 13\u00a0ao\u00fbt 2025. PHILIPPE MAGONI \/ VIA REUTERS               <\/p>\n<p class=\"post__live-container--answer-text post__space-node\">\u00c0 l\u2019issue de r\u00e9unions avec Volodymyr Zelensky et Donald Trump, Emmanuel Macron s\u2019est exprim\u00e9 devant la presse. \u00ab\u00a0L\u2019\u00e9change avec Donald Trump a permis d\u2019\u00e9clairer ses intentions et, pour nous, d\u2019exprimer nos attentes\u00a0\u00bb, a-t-il d\u00e9clar\u00e9, accompagn\u00e9 d\u2019Antonio Costa, pr\u00e9sident du Conseil europ\u00e9en, et des ministres S\u00e9bastien Lecornu et Jean-No\u00ebl Barrot.<\/p>\n<p class=\"post__live-container--answer-text post__space-node\">\u00ab\u00a0Nous voulons que tout ce qui concerne l\u2019Ukraine soit discut\u00e9 avec l\u2019Ukraine. Nous voulons une paix robuste et durable, une paix qui r\u00e8gle les questions territoriales et les garanties de s\u00e9curit\u00e9 pour l\u2019avenir.<\/p>\n<p class=\"post__live-container--answer-text post__space-node\">L\u2019\u00e9change avec le pr\u00e9sident de Trump a permis d\u2019\u00e9clairer ses intentions pour la r\u00e9union du 15\u00a0ao\u00fbt et nous a permis d\u2019exprimer nos attentes. Plusieurs messages sont ressortis. Le premier, c\u2019est que le pr\u00e9sident Trump a \u00e9t\u00e9 tr\u00e8s clair sur le fait que la volont\u00e9 am\u00e9ricaine \u00e9tait d\u2019obtenir un cessez-le-feu \u00e0 l\u2019occasion de cette r\u00e9union en Alaska.<\/p>\n<p class=\"post__live-container--answer-text post__space-node\">C\u2019est tr\u00e8s important qu\u2019\u00e0 l\u2019occasion de cette r\u00e9union, il puisse y avoir un cessez-le-feu obtenu par les Etats-Unis d\u2019Am\u00e9rique, et nous soutenons cette initiative, en m\u00eame temps que les \u00e9changes de prisonniers et les lib\u00e9rations d\u2019enfants.<\/p>\n<p class=\"post__live-container--answer-text post__space-node\">Le deuxi\u00e8me \u00e9l\u00e9ment, c\u2019est que les questions territoriales qui rel\u00e8vent de l\u2019Ukraine ne peuvent \u00eatre n\u00e9goci\u00e9es et ne seront n\u00e9goci\u00e9es que par le pr\u00e9sident ukrainien. C\u2019est la position que nous soutenons et elle a \u00e9t\u00e9 tr\u00e8s clairement exprim\u00e9e par le pr\u00e9sident Trump.<\/p>\n<p class=\"post__live-container--answer-text post__space-node\">Le troisi\u00e8me \u00e9l\u00e9ment, c\u2019est le lien qui doit continuer d\u2019exister entre toute concession territoriale et les garanties de s\u00e9curit\u00e9 qui seront apport\u00e9es \u00e0 l\u2019Ukraine. Le pr\u00e9sident Trump l\u2019a exprim\u00e9 clairement en ces termes. Il a dit m\u00eame des choses, qui pour moi sont tr\u00e8s importantes, le fait que l\u2019OTAN ne doit pas faire partie de ces garanties de s\u00e9curit\u00e9, et on sait que c\u2019est un point fort en particulier pour la partie russe, mais que les Etats-Unis et tous les alli\u00e9s qui y \u00e9taient pr\u00eats devraient en faire partie. C\u2019est ce \u00e0 quoi nous sommes engag\u00e9s et c\u2019est une clarification pour moi tr\u00e8s importante.<\/p>\n<p class=\"post__live-container--answer-text post__space-node\">Enfin, il va donc se battre aussi pour avoir un rendez-vous \u00e0 venir, trilat\u00e9ral, avec le pr\u00e9sident Trump et le pr\u00e9sident Zelensky et je pense que c\u2019est un point tr\u00e8s important \u00e0 cet \u00e9gard et nous souhaitons qu\u2019elle puisse se tenir en Europe dans un pays neutre qui soit accept\u00e9 par toutes les parties\u00a0\u00bb.<\/p>\n","protected":false},"excerpt":{"rendered":"\u00ab\u00a0Les questions territoriales ne seront n\u00e9goci\u00e9es\u00a0\u00bb que par Volodymyr Zelensky, assure Emmanuel Macron apr\u00e8s un \u00e9change avec Donald&hellip;\n","protected":false},"author":2,"featured_media":316452,"comment_status":"","ping_status":"","sticky":false,"template":"","format":"standard","meta":{"footnotes":""},"categories":[5],"tags":[11,1011,27,14,12,28],"class_list":{"0":"post-316451","1":"post","2":"type-post","3":"status-publish","4":"format-standard","5":"has-post-thumbnail","7":"category-international","8":"tag-actualites","9":"tag-fr","10":"tag-france","11":"tag-international","12":"tag-news","13":"tag-world"},"share_on_mastodon":{"url":"https:\/\/pubeurope.com\/@fr\/115021944225621947","error":""},"_links":{"self":[{"href":"https:\/\/www.europesays.com\/fr\/wp-json\/wp\/v2\/posts\/316451","targetHints":{"allow":["GET"]}}],"collection":[{"href":"https:\/\/www.europesays.com\/fr\/wp-json\/wp\/v2\/posts"}],"about":[{"href":"https:\/\/www.europesays.com\/fr\/wp-json\/wp\/v2\/types\/post"}],"author":[{"embeddable":true,"href":"https:\/\/www.europesays.com\/fr\/wp-json\/wp\/v2\/users\/2"}],"replies":[{"embeddable":true,"href":"https:\/\/www.europesays.com\/fr\/wp-json\/wp\/v2\/comments?post=316451"}],"version-history":[{"count":0,"href":"https:\/\/www.europesays.com\/fr\/wp-json\/wp\/v2\/posts\/316451\/revisions"}],"wp:featuredmedia":[{"embeddable":true,"href":"https:\/\/www.europesays.com\/fr\/wp-json\/wp\/v2\/media\/316452"}],"wp:attachment":[{"href":"https:\/\/www.europesays.com\/fr\/wp-json\/wp\/v2\/media?parent=316451"}],"wp:term":[{"taxonomy":"category","embeddable":true,"href":"https:\/\/www.europesays.com\/fr\/wp-json\/wp\/v2\/categories?post=316451"},{"taxonomy":"post_tag","embeddable":true,"href":"https:\/\/www.europesays.com\/fr\/wp-json\/wp\/v2\/tags?post=316451"}],"curies":[{"name":"wp","href":"https:\/\/api.w.org\/{rel}","templated":true}]}}