{"id":316455,"date":"2025-08-13T14:33:13","date_gmt":"2025-08-13T14:33:13","guid":{"rendered":"https:\/\/www.europesays.com\/fr\/316455\/"},"modified":"2025-08-13T14:33:13","modified_gmt":"2025-08-13T14:33:13","slug":"les-poules-de-yael-braun-pivet-nourries-par-des-crs-requisitionnes-pour-loccasion-son-entourage-dement","status":"publish","type":"post","link":"https:\/\/www.europesays.com\/fr\/316455\/","title":{"rendered":"Les poules de Ya\u00ebl Braun-Pivet\u00a0nourries par des CRS r\u00e9quisitionn\u00e9s pour l\u2019occasion\u00a0? Son entourage d\u00e9ment"},"content":{"rendered":"<p>        <img decoding=\"async\" loading=\"lazy\" src=\"https:\/\/www.europesays.com\/fr\/wp-content\/uploads\/2025\/08\/ff5458d_upload-1-6g6pk9gv7cgy-afp-20250610-49t39am-v1-highres-francepoliticsparliamentgovernment.jpg\"  width=\"728\" height=\"409\" alt=\"Ya\u00ebl Braun-Pivet a-t-elle demand\u00e9 \u00e0 des CRS de nourrir ses poules\u00a0?\"\/>  <\/p>\n<p>GEOFFROY VAN DER HASSELT \/ AFP<\/p>\n<p>Ya\u00ebl Braun-Pivet a-t-elle demand\u00e9 \u00e0 des CRS de nourrir ses poules\u00a0?<\/p>\n<p class=\"asset asset-text\">POLITIQUE &#8211; Ya\u00ebl Braun-Pivet a-t-elle demand\u00e9 aux policiers charg\u00e9s d\u2019assurer sa protection de nourrir ses poules en son absence\u00a0? C\u2019est ce qu\u2019affirme <a href=\"https:\/\/www.lecanardenchaine.fr\/politique\/51570-les-poules-de-braun-pivet-sous-bonne-escorte\" target=\"_blank\" rel=\"noopener\" title=\"Nouvelle fen\u00eatre\">Le Canard encha\u00een\u00e9<\/a> ce mercredi 13\u00a0ao\u00fbt, qui explique que <a href=\"https:\/\/www.huffingtonpost.fr\/politique\/article\/non-les-deputes-ne-prennent-pas-trois-mois-de-vacances-cet-ete_252824.html\" target=\"_blank\" rel=\"noopener\" title=\"Nouvelle fen\u00eatre\">la pr\u00e9sidente de l\u2019Assembl\u00e9e nationale<\/a>, partie en vacances en famille, a fait cette requ\u00eate tr\u00e8s particuli\u00e8re aupr\u00e8s de la prestigieuse CRS1, sp\u00e9cialis\u00e9e dans l\u2019escorte de personnalit\u00e9s publiques et des missions de haute dignit\u00e9.<\/p>\n<p class=\"asset asset-text\">Sollicit\u00e9 par Le HuffPost, l\u2019entourage de Ya\u00ebl Braun-Pivet d\u00e9ment fermement l\u2019information. \u00ab\u00a0Ce n\u2019est pas vrai. Il n\u2019a jamais \u00e9t\u00e9 demand\u00e9 \u00e7a, indique une source proche de la pr\u00e9sidente de l\u2019Assembl\u00e9e nationale, \u00e9lue dans les Yvelines. Je ne sais pas d\u2019o\u00f9 sort cette information\u00a0\u00bb.<\/p>\n<p class=\"asset asset-text\">Une \u00e9lue de premier plan qui mobilise des policiers nationaux pour s\u2019occuper de ses animaux de compagnie\u00a0? Il n\u2019en fallait pas tant pour enflammer la fachosph\u00e8re. <a href=\"https:\/\/www.huffingtonpost.fr\/politique\/article\/le-grand-remplacement-le-poison-lent-d-un-concept-d-extreme-droite-qui-a-depasse-les-frontieres-francaises_251223.html\" target=\"_blank\" rel=\"noopener\">Les sites d\u2019extr\u00eame droite<\/a> habitu\u00e9s aux pol\u00e9miques (Fronti\u00e8res, Valeurs actuelles, Fdesouche\u2026) ont saut\u00e9 sur l\u2019occasion.<\/p>\n<p class=\"asset asset-text\">Dans un tweet assez peu \u00e9l\u00e9gant, le d\u00e9put\u00e9 RN Julien Odoul a estim\u00e9 qu\u2019il \u00e9tait \u00ab\u00a0grand temps de remettre le poulailler en ordre\u00a0\u00bb. D\u2019autres ont fait le lien avec de r\u00e9centes annonces gouvernementales. \u00ab\u00a0Qui paie\u00a0? Vous savez maintenant pourquoi on veut vous forcer \u00e0 travailler gratuitement deux jours de plus\u00a0\u00bb, a raill\u00e9 le vice-pr\u00e9sident du groupe RN \u00e0 l\u2019Assembl\u00e9e Laurent Jacobelli.<\/p>\n<p>                     Une protection renforc\u00e9e pour Braun-Pivet    <\/p>\n<p class=\"asset asset-text\">Pourtant, les menaces contre Braun-Pivet sont bien r\u00e9elles. En avril, elle avait d\u00e9cid\u00e9 de rendre public un courrier re\u00e7u d\u2019une violence inou\u00efe, qui promettait \u00ab\u00a0d\u2019\u00e9liminer cette putain de juive\u00a0\u00bb. \u00ab\u00a0Des menaces de mort, une haine assum\u00e9e, un antis\u00e9mitisme immonde. Je n\u2019ai jamais c\u00e9d\u00e9 \u00e0 l\u2019intimidation\u00a0\u00bb, expliquait-elle alors.<\/p>\n<p class=\"asset asset-text\">Destinataire d\u2019autres messages insultants et naus\u00e9abonds (\u00ab\u00a0Quel plaisir d\u2019\u00e9radiquer cette pourriture\u00a0\u00bb, \u00ab\u00a0Un bon juif est un juif mort\u00a0\u00bb, \u00ab\u00a0Tu vas crever\u00a0\u00bb), la pr\u00e9sidente de l\u2019Assembl\u00e9e nationale parcourait \u00e0 ce moment-l\u00e0 la France pour des s\u00e9ances de d\u00e9dicaces. Depuis 2023, elle b\u00e9n\u00e9ficie d\u2019ailleurs d\u2019une protection renforc\u00e9e.<\/p>\n","protected":false},"excerpt":{"rendered":"GEOFFROY VAN DER HASSELT \/ AFP Ya\u00ebl Braun-Pivet a-t-elle demand\u00e9 \u00e0 des CRS de nourrir ses poules\u00a0? POLITIQUE&hellip;\n","protected":false},"author":2,"featured_media":316456,"comment_status":"","ping_status":"","sticky":false,"template":"","format":"standard","meta":{"footnotes":""},"categories":[2],"tags":[11,416,12513,1011,27,12,316,6385],"class_list":{"0":"post-316455","1":"post","2":"type-post","3":"status-publish","4":"format-standard","5":"has-post-thumbnail","7":"category-actualites","8":"tag-actualites","9":"tag-assemblee-nationale","10":"tag-crs","11":"tag-fr","12":"tag-france","13":"tag-news","14":"tag-politique","15":"tag-yael-braun-pivet"},"share_on_mastodon":{"url":"https:\/\/pubeurope.com\/@fr\/115021952126478961","error":""},"_links":{"self":[{"href":"https:\/\/www.europesays.com\/fr\/wp-json\/wp\/v2\/posts\/316455","targetHints":{"allow":["GET"]}}],"collection":[{"href":"https:\/\/www.europesays.com\/fr\/wp-json\/wp\/v2\/posts"}],"about":[{"href":"https:\/\/www.europesays.com\/fr\/wp-json\/wp\/v2\/types\/post"}],"author":[{"embeddable":true,"href":"https:\/\/www.europesays.com\/fr\/wp-json\/wp\/v2\/users\/2"}],"replies":[{"embeddable":true,"href":"https:\/\/www.europesays.com\/fr\/wp-json\/wp\/v2\/comments?post=316455"}],"version-history":[{"count":0,"href":"https:\/\/www.europesays.com\/fr\/wp-json\/wp\/v2\/posts\/316455\/revisions"}],"wp:featuredmedia":[{"embeddable":true,"href":"https:\/\/www.europesays.com\/fr\/wp-json\/wp\/v2\/media\/316456"}],"wp:attachment":[{"href":"https:\/\/www.europesays.com\/fr\/wp-json\/wp\/v2\/media?parent=316455"}],"wp:term":[{"taxonomy":"category","embeddable":true,"href":"https:\/\/www.europesays.com\/fr\/wp-json\/wp\/v2\/categories?post=316455"},{"taxonomy":"post_tag","embeddable":true,"href":"https:\/\/www.europesays.com\/fr\/wp-json\/wp\/v2\/tags?post=316455"}],"curies":[{"name":"wp","href":"https:\/\/api.w.org\/{rel}","templated":true}]}}