{"id":316457,"date":"2025-08-13T14:34:15","date_gmt":"2025-08-13T14:34:15","guid":{"rendered":"https:\/\/www.europesays.com\/fr\/316457\/"},"modified":"2025-08-13T14:34:15","modified_gmt":"2025-08-13T14:34:15","slug":"saint-chamond-les-bassins-de-la-piscine-de-nouveau-fermes-pour-pollution-organique","status":"publish","type":"post","link":"https:\/\/www.europesays.com\/fr\/316457\/","title":{"rendered":"Saint-Chamond. Les bassins de la piscine de nouveau ferm\u00e9s pour pollution organique"},"content":{"rendered":"<p>En pleine canicule, cela tombe vraiment mal. Ce mercredi 13\u00a0ao\u00fbt, comme d\u00e9j\u00e0 le <a href=\"https:\/\/www.leprogres.fr\/environnement\/2025\/08\/01\/la-piscine-fermee-une-pollution-organique-en-cause#:~:text=Le%20centre%20nautique%20Roger%2DCouderc,ce%20samedi%20dans%20la%20journ%C3%A9e.\" target=\"_blank\" rel=\"noopener\">vendredi 1er ao\u00fbt dernier<\/a>, le centre nautique Roger-Couderc a d\u00fb fermer l\u2019acc\u00e8s \u00e0 ses bassins pour tout l\u2019apr\u00e8s-midi en raison d\u2019une pollution organique. Une d\u00e9cision qui d\u00e9\u00e7oit forc\u00e9ment tous ceux qui esp\u00e9raient trouver \u00e0 la piscine un peu de fra\u00eecheur, mais obligatoire pour des raisons sanitaires.<\/p>\n<p>Toutefois, les autres \u00e9quipements, \u00e0 savoir le parc, le pilou splash ou encore la pataugeoire, demeurent ouverts au public, permettant notamment aux enfants de se rafra\u00eechir.<\/p>\n<p>Selon la mairie, les bassins seront de nouveau accessibles d\u00e8s ce jeudi 14\u00a0ao\u00fbt \u00e0 10 heures.<\/p>\n","protected":false},"excerpt":{"rendered":"En pleine canicule, cela tombe vraiment mal. Ce mercredi 13\u00a0ao\u00fbt, comme d\u00e9j\u00e0 le vendredi 1er ao\u00fbt dernier, le&hellip;\n","protected":false},"author":2,"featured_media":316458,"comment_status":"","ping_status":"","sticky":false,"template":"","format":"standard","meta":{"footnotes":""},"categories":[9653],"tags":[1111,11,2430,6698,1687,7539,436,1777,674,1011,27,5216,12,25,9669,9670,4001,517],"class_list":{"0":"post-316457","1":"post","2":"type-post","3":"status-publish","4":"format-standard","5":"has-post-thumbnail","7":"category-saint-etienne","8":"tag-actu","9":"tag-actualites","10":"tag-auvergne-rhone-alpes","11":"tag-canicule","12":"tag-culture-loisirs","13":"tag-edition-loire-sud","14":"tag-environnement","15":"tag-eu","16":"tag-europe","17":"tag-fr","18":"tag-france","19":"tag-natation","20":"tag-news","21":"tag-republique-francaise","22":"tag-saint-chamond","23":"tag-saint-chamond-ville","24":"tag-saint-etienne","25":"tag-sport"},"share_on_mastodon":{"url":"https:\/\/pubeurope.com\/@fr\/115021956080070326","error":""},"_links":{"self":[{"href":"https:\/\/www.europesays.com\/fr\/wp-json\/wp\/v2\/posts\/316457","targetHints":{"allow":["GET"]}}],"collection":[{"href":"https:\/\/www.europesays.com\/fr\/wp-json\/wp\/v2\/posts"}],"about":[{"href":"https:\/\/www.europesays.com\/fr\/wp-json\/wp\/v2\/types\/post"}],"author":[{"embeddable":true,"href":"https:\/\/www.europesays.com\/fr\/wp-json\/wp\/v2\/users\/2"}],"replies":[{"embeddable":true,"href":"https:\/\/www.europesays.com\/fr\/wp-json\/wp\/v2\/comments?post=316457"}],"version-history":[{"count":0,"href":"https:\/\/www.europesays.com\/fr\/wp-json\/wp\/v2\/posts\/316457\/revisions"}],"wp:featuredmedia":[{"embeddable":true,"href":"https:\/\/www.europesays.com\/fr\/wp-json\/wp\/v2\/media\/316458"}],"wp:attachment":[{"href":"https:\/\/www.europesays.com\/fr\/wp-json\/wp\/v2\/media?parent=316457"}],"wp:term":[{"taxonomy":"category","embeddable":true,"href":"https:\/\/www.europesays.com\/fr\/wp-json\/wp\/v2\/categories?post=316457"},{"taxonomy":"post_tag","embeddable":true,"href":"https:\/\/www.europesays.com\/fr\/wp-json\/wp\/v2\/tags?post=316457"}],"curies":[{"name":"wp","href":"https:\/\/api.w.org\/{rel}","templated":true}]}}