{"id":316459,"date":"2025-08-13T14:35:10","date_gmt":"2025-08-13T14:35:10","guid":{"rendered":"https:\/\/www.europesays.com\/fr\/316459\/"},"modified":"2025-08-13T14:35:10","modified_gmt":"2025-08-13T14:35:10","slug":"avec-la-canicule-coup-de-chaud-aux-urgences-du-chu","status":"publish","type":"post","link":"https:\/\/www.europesays.com\/fr\/316459\/","title":{"rendered":"avec la canicule, coup de chaud aux urgences du CHU"},"content":{"rendered":"<p>Il a \u00e9t\u00e9 \u00e9prouvant en juillet et est loin d\u2019\u00eatre termin\u00e9. D\u00e9j\u00e0, l\u2019an dernier, les urgences du CHU avaient connu un \u00e9t\u00e9 compliqu\u00e9. Et une nouvelle fois, ces jours-ci, elles se retrouvent, comme partout en France, en premi\u00e8re ligne face \u00e0 des patients qui affluent en nombre en raison des fortes chaleurs.<\/p>\n<p>Des patients qui, pour beaucoup, \u00e2g\u00e9s entre 75 et 80 ans, et qui souffrent de probl\u00e8mes de d\u00e9shydratation. Il y en a aussi qui pr\u00e9sentent des pathologiques chroniques lourdes, d\u00e9compensent, et qui viennent peser sur l\u2019h\u00f4pital, \u00e0 une p\u00e9riode o\u00f9 les effectifs sont r\u00e9duits et le manque de m\u00e9decins encore plus criant que d\u2019ordinaire en raison des\u00a0cong\u00e9s estivaux.<\/p>\n<p>Depuis un mois d\u00e9j\u00e0, les urgences du CHU commen\u00e7aient \u00e0 \u00eatre sous tension. \u00ab\u00a0Cet \u00e9pisode de canicule majore ce ph\u00e9nom\u00e8ne\u00a0\u00bb, constate Corentin Riocreux, m\u00e9decin urgentiste.<\/p>\n<p>  \u00ab\u00a0Une certaine inqui\u00e9tude pour ce week-end de trois jours\u00a0\u00bb<\/p>\n<p>\u00ab\u00a0Le flux est anormalement \u00e9lev\u00e9\u00a0par rapport \u00e0 l\u2019an pass\u00e9\u00a0\u00bb, rel\u00e8ve Thomas Vincent, lui aussi m\u00e9decin urgentiste au CHU de Saint-Etienne. \u00ab\u00a0Ce sont 150 \u00e0 180 personnes en moyenne, au quotidien, qui sont g\u00e9r\u00e9es \u00e0 l\u2019accueil\u00a0\u00bb.<\/p>\n<p>\u00ab\u00a0Depuis d\u00e9but ao\u00fbt, on a pass\u00e9 un palier\u00a0\u00bb, estime Corentin Riocreux. \u00ab\u00a0On tourne \u00e0 haut r\u00e9gime. Nous continuons \u00e0 prendre en charge des patients, \u00e0 essayer de trouver des solutions pour qu\u2019il y ait des possibilit\u00e9s d\u2019hospitalisation et qu\u2019il n\u2019y ait pas de perte de chance.\u00a0\u00bb<\/p>\n<p>Des solutions pas faciles \u00e0 se dessiner dans un contexte de fermeture de lits, l\u2019\u00e9t\u00e9, pour s\u2019adapter aux \u00e9quipes r\u00e9duites. \u00ab\u00a0Nous comptons sur les messages de pr\u00e9vention pour faire adopter les bons r\u00e9flexes, comme celui de boire tout au long de la journ\u00e9e de mani\u00e8re fractionn\u00e9e\u00a0\u00bb, rappelle Thomas Vincent. \u00ab\u00a0Nous comptons \u00e9galement sur les familles pour qu\u2019elles fassent attention \u00e0 leurs proches, qu\u2019elles les encouragent \u00e0 bien s\u2019hydrater, sur la m\u00e9decine de ville, les m\u00e9decins traitants.\u00a0\u00bb<\/p>\n<p><a href=\"https:\/\/www.leprogres.fr\/sante\/2025\/06\/30\/canicule-des-services-d-urgence-pas-tous-en-surchauffe\" target=\"_blank\" rel=\"nofollow noopener\">Ces temp\u00e9ratures caniculaires qui s\u2019abattent, pour la deuxi\u00e8me fois de l\u2019\u00e9t\u00e9, sur la France<\/a>, devraient durer jusqu\u2019\u00e0 la semaine prochaine. \u00ab\u00a0On a une certaine inqui\u00e9tude pour ce week-end de trois jours\u00a0\u00bb, reconna\u00eet Corentin Riocreux. \u00ab\u00a0On s\u2019attend \u00e0 tout.\u00a0\u00bb<\/p>\n","protected":false},"excerpt":{"rendered":"Il a \u00e9t\u00e9 \u00e9prouvant en juillet et est loin d\u2019\u00eatre termin\u00e9. D\u00e9j\u00e0, l\u2019an dernier, les urgences du CHU&hellip;\n","protected":false},"author":2,"featured_media":316460,"comment_status":"","ping_status":"","sticky":false,"template":"","format":"standard","meta":{"footnotes":""},"categories":[9653],"tags":[1111,11,2430,7539,1777,674,107,1011,27,3367,12,25,4001,7538,71],"class_list":{"0":"post-316459","1":"post","2":"type-post","3":"status-publish","4":"format-standard","5":"has-post-thumbnail","7":"category-saint-etienne","8":"tag-actu","9":"tag-actualites","10":"tag-auvergne-rhone-alpes","11":"tag-edition-loire-sud","12":"tag-eu","13":"tag-europe","14":"tag-fil-info","15":"tag-fr","16":"tag-france","17":"tag-loire","18":"tag-news","19":"tag-republique-francaise","20":"tag-saint-etienne","21":"tag-saint-etienne-ville","22":"tag-sante"},"share_on_mastodon":{"url":"https:\/\/pubeurope.com\/@fr\/115021960042867714","error":""},"_links":{"self":[{"href":"https:\/\/www.europesays.com\/fr\/wp-json\/wp\/v2\/posts\/316459","targetHints":{"allow":["GET"]}}],"collection":[{"href":"https:\/\/www.europesays.com\/fr\/wp-json\/wp\/v2\/posts"}],"about":[{"href":"https:\/\/www.europesays.com\/fr\/wp-json\/wp\/v2\/types\/post"}],"author":[{"embeddable":true,"href":"https:\/\/www.europesays.com\/fr\/wp-json\/wp\/v2\/users\/2"}],"replies":[{"embeddable":true,"href":"https:\/\/www.europesays.com\/fr\/wp-json\/wp\/v2\/comments?post=316459"}],"version-history":[{"count":0,"href":"https:\/\/www.europesays.com\/fr\/wp-json\/wp\/v2\/posts\/316459\/revisions"}],"wp:featuredmedia":[{"embeddable":true,"href":"https:\/\/www.europesays.com\/fr\/wp-json\/wp\/v2\/media\/316460"}],"wp:attachment":[{"href":"https:\/\/www.europesays.com\/fr\/wp-json\/wp\/v2\/media?parent=316459"}],"wp:term":[{"taxonomy":"category","embeddable":true,"href":"https:\/\/www.europesays.com\/fr\/wp-json\/wp\/v2\/categories?post=316459"},{"taxonomy":"post_tag","embeddable":true,"href":"https:\/\/www.europesays.com\/fr\/wp-json\/wp\/v2\/tags?post=316459"}],"curies":[{"name":"wp","href":"https:\/\/api.w.org\/{rel}","templated":true}]}}