{"id":31646,"date":"2025-04-17T12:24:22","date_gmt":"2025-04-17T12:24:22","guid":{"rendered":"https:\/\/www.europesays.com\/fr\/31646\/"},"modified":"2025-04-17T12:24:22","modified_gmt":"2025-04-17T12:24:22","slug":"ca-na-rien-change-a-quoi-servent-les-arretes-anti-regroupement-pris-par-la-ville-pour-freiner-les-nuisances","status":"publish","type":"post","link":"https:\/\/www.europesays.com\/fr\/31646\/","title":{"rendered":"\u00ab\u00a0\u00c7a n\u2019a rien chang\u00e9\u00a0\u00bb\u2026 A quoi servent les arr\u00eat\u00e9s anti-regroupement pris par la ville pour freiner les nuisances\u00a0?"},"content":{"rendered":"<p>Ils sont assis sous un panneau interdisant la musique et la consommation d\u2019alcool. Bi\u00e8re dans une main, vieille cigarette roul\u00e9e dans l\u2019autre, ils discutent sans emb\u00eater personne, assis sur les bancs en b\u00e9ton de la dalle Kennedy. Sont-ils dans l\u2019ill\u00e9galit\u00e9\u00a0? Pour la bi\u00e8re, oui. Mais pour l\u2019attroupement\u00a0? Depuis le 26\u00a0f\u00e9vrier, la ville de Rennes interdit les \u00ab\u00a0regroupements statiques\u00a0\u00bb et \u00ab\u00a0attroupements abusifs et prolong\u00e9s\u00a0\u00bb sur cette grande place pi\u00e9tonne situ\u00e9e au milieu des tours de Villejean.<\/p>\n<p>C\u2019est sur cette dalle que <a href=\"https:\/\/www.20minutes.fr\/rennes\/4132194-20250106-rennes-devenu-sport-local-tirs-arme-automatique-pleine-journee-place-pietonne\" class=\"color-ultramarine c-link\" target=\"_blank\" rel=\"noopener\">des tirs d\u2019arme \u00e0 feu ont si souvent r\u00e9sonn\u00e9<\/a>, sur fond de guerre de territoire pour le trafic de stup\u00e9fiants. Au-del\u00e0 des balles, c\u2019est surtout l\u2019ambiance qui y r\u00e8gne qui agace les habitants. \u00ab\u00a0Je ne sors jamais apr\u00e8s 17 heures. Le soir, ici, c\u2019est n\u2019importe quoi. Les gens boivent, fument, prennent de la drogue. On ne peut rien leur dire sans se faire insulter\u00a0\u00bb, t\u00e9moigne une retrait\u00e9e qui habite le quartier depuis plus de vingt ans. Pour tenter de mettre un terme \u00e0 cette occupation de la dalle, la ville a donc pris <a href=\"https:\/\/www.ouest-france.fr\/bretagne\/rennes-35000\/preserver-le-bon-ordre-la-ville-de-rennes-interdit-les-regroupements-sur-la-dalle-de-kennedy-2323425c-f9e9-11ef-b88c-bcd52c36774a\" rel=\"nofollow noopener\" target=\"_blank\" class=\"color-ultramarine c-link\">un arr\u00eat\u00e9 municipal interdisant les attroupements<\/a>, comme elle l\u2019avait fait en d\u00e9cembre pour la dalle du Colombier.<\/p>\n<p>\u00ab\u00a0Les gens s\u2019insultent, crient, se tapent dessus\u00a0\u00bb<\/p>\n<p>En vigueur depuis un mois, le texte a-t-il permis d\u2019am\u00e9liorer la situation\u00a0? \u00ab\u00a0Franchement, \u00e7a n\u2019a rien chang\u00e9. Ici, tout le monde s\u2019en fout\u00a0\u00bb, r\u00e9pond cet homme \u00e2g\u00e9 d\u2019une soixantaine d\u2019ann\u00e9es en sortant du tabac. Dans son dos, un v\u00e9hicule de police passe mais ne s\u2019arr\u00eate pas. Personne n\u2019a boug\u00e9 et les canettes continuent d\u2019\u00eatre vid\u00e9es. \u00ab\u00a0Le soir, parfois, c\u2019est n\u2019importe quoi. Les gens s\u2019insultent, ils crient, ils se tapent dessus. La police, elle vide parfois les bouteilles, mais c\u2019est tout. Cet arr\u00eat\u00e9, <a href=\"https:\/\/www.20minutes.fr\/rennes\/4132424-20250107-rennes-apres-tirs-pleine-journee-police-privee-images-videosurveillance-cause-bug\" class=\"color-ultramarine c-link\" target=\"_blank\" rel=\"noopener\">on ne sait pas vraiment \u00e0 quoi il sert<\/a>. C\u2019est quoi un regroupement\u00a0? On ne sait m\u00eame pas\u00a0\u00bb, explique une autre retrait\u00e9e. M\u00eame la police nationale ne semble pas avoir toutes les cl\u00e9s. \u00ab\u00a0C\u2019est assez flou comme texte. On ne sait m\u00eame pas trop qui \u00e7a concerne\u00a0\u00bb, t\u00e9moigne une grad\u00e9e sous couvert d\u2019anonymat.<\/p>\n<\/p>\n<p>Cet arr\u00eat\u00e9 pose en effet pas mal de questions. A partir de quel moment l\u2019attroupement est-il jug\u00e9 \u00ab\u00a0abusif\u00a0\u00bb\u00a0? Le regroupement, c\u2019est \u00e0 partir de combien de personnes\u00a0? On aurait bien aim\u00e9 poser les poser aux \u00e9lus en charge de ces dossiers, mais la municipalit\u00e9 rennaise a pr\u00e9f\u00e9r\u00e9 nous r\u00e9pondre par \u00e9crit\u00a0: \u00ab\u00a0L\u2019objectif de cet arr\u00eat\u00e9 est de renforcer les outils \u00e0 la disposition de la police municipale et de la police nationale, afin de permettre aux habitants, aux commer\u00e7ants, aux agents de nos services publics et \u00e0 toutes celles et ceux qui empruntent la dalle Kennedy de s\u2019y sentir en s\u00e9curit\u00e9. Cet arr\u00eat\u00e9 est un outil tr\u00e8s cibl\u00e9, qui permet aux policiers d\u2019\u00eatre plus efficaces dans leurs interventions. Sa mise en \u0153uvre fera l\u2019objet d\u2019une \u00e9valuation\u00a0\u00bb, assure l\u2019\u00e9quipe dirig\u00e9e par <a href=\"https:\/\/www.20minutes.fr\/dossier\/nathalie_appere\" class=\"color-ultramarine c-link\" target=\"_blank\" rel=\"noopener\">Nathalie App\u00e9r\u00e9<\/a>.<\/p>\n<p>De la drogue, de l\u2019alcool\u2026<\/p>\n<p>L\u2019\u00e9valuation, nous avons tent\u00e9 de la faire en interrogeant les habitu\u00e9s de la dalle du Colombier, espace commercial situ\u00e9 en plein centre-ville de Rennes. \u00ab\u00a0Au d\u00e9but, on voyait beaucoup la police et \u00e7a semblait plut\u00f4t bien fonctionner. Mais ce n\u2019est plus le cas. On a toujours des groupes de gens qui se r\u00e9unissent l\u00e0. Ils sont dix, vingt, trente, parfois cinquante. Ils sont souvent bourr\u00e9s, accostent les gens, leur demandent de l\u2019argent\u00a0\u00bb, t\u00e9moignent les g\u00e9rants d\u2019une boutique d\u2019optique situ\u00e9e sur la dalle.<\/p>\n<p>Mais qui sont-ils\u00a0? \u00ab\u00a0Surtout des marginaux qui se posent l\u00e0 pour picoler, d\u2019autres qui font la manche. C\u2019est souvent les m\u00eames. Il y a aussi des gens sous crack. Tu les vois s\u2019embrasser et la minute qui suit, ils sont en train de s\u2019\u00e9trangler\u00a0\u00bb, assure le barman d\u2019un caf\u00e9. L\u2019entr\u00e9e en vigueur de l\u2019arr\u00eat\u00e9 a-t-elle chang\u00e9 quelque chose\u00a0? \u00ab\u00a0Absolument pas. Les zonards sont toujours l\u00e0\u00a0\u00bb.<\/p>\n<p><img decoding=\"async\" alt=\"En enlevant les arbres de cette ruelle menant sur la dalle du Colombier, la ville de Rennes a un peu r\u00e9duit l'occupation des lieux. \" class=\"c-img\" loading=\"lazy\" fetchpriority=\"auto\" width=\"718\"  src=\"https:\/\/www.europesays.com\/fr\/wp-content\/uploads\/2025\/04\/1744892662_118_718x0.jpeg; charset=utf-8\" \/>En enlevant les arbres de cette ruelle menant sur la dalle du Colombier, la ville de Rennes a un peu r\u00e9duit l&rsquo;occupation des lieux. \u2002-\u00a0C. Allain\/ 20 Minutes<\/p>\n<p>Une pr\u00e9sence qui n\u2019est pas vraiment de nature \u00e0 rassurer les personnes qui habitent ou travaillent dans le secteur. Encore moins les clients. \u00ab\u00a0Il y a toujours beaucoup de passage. Mais on a des gens qui n\u2019osent plus venir, parce qu\u2019ils ont peur d\u2019\u00eatre emb\u00eat\u00e9s\u00a0\u00bb. Sur ce point, l\u2019arr\u00eat\u00e9 n\u2019a rien chang\u00e9. La dalle, elle, sera prochainement transform\u00e9e et requalifi\u00e9e. Un programme d\u2019urbanisme<a href=\"https:\/\/www.20minutes.fr\/rennes\/4026993-20230308-rennes-batiment-plus-laid-ville-va-refaire-beaute\" class=\"color-ultramarine c-link\" target=\"_blank\" rel=\"noopener\"> entam\u00e9 il y a des ann\u00e9es <\/a>mais qui peine \u00e0 se concr\u00e9tiser.<\/p>\n","protected":false},"excerpt":{"rendered":"Ils sont assis sous un panneau interdisant la musique et la consommation d\u2019alcool. Bi\u00e8re dans une main, vieille&hellip;\n","protected":false},"author":2,"featured_media":31647,"comment_status":"","ping_status":"","sticky":false,"template":"","format":"standard","meta":{"footnotes":""},"categories":[2821],"tags":[1111,47,11,5702,10737,829,1052,1777,674,1011,27,848,2825,5107,10736,12,4518,2872,584,25,656,104,4377],"class_list":{"0":"post-31646","1":"post","2":"type-post","3":"status-publish","4":"format-standard","5":"has-post-thumbnail","7":"category-rennes","8":"tag-actu","9":"tag-actualite","10":"tag-actualites","11":"tag-alcool","12":"tag-bagarre","13":"tag-bretagne","14":"tag-drogue","15":"tag-eu","16":"tag-europe","17":"tag-fr","18":"tag-france","19":"tag-ille-et-vilaine","20":"tag-insecurite","21":"tag-maire","22":"tag-nathalie-appere","23":"tag-news","24":"tag-pauvrete","25":"tag-police-municipale","26":"tag-rennes","27":"tag-republique-francaise","28":"tag-securite","29":"tag-societe","30":"tag-stupefiant"},"share_on_mastodon":{"url":"https:\/\/pubeurope.com\/@fr\/114353292156730411","error":""},"_links":{"self":[{"href":"https:\/\/www.europesays.com\/fr\/wp-json\/wp\/v2\/posts\/31646","targetHints":{"allow":["GET"]}}],"collection":[{"href":"https:\/\/www.europesays.com\/fr\/wp-json\/wp\/v2\/posts"}],"about":[{"href":"https:\/\/www.europesays.com\/fr\/wp-json\/wp\/v2\/types\/post"}],"author":[{"embeddable":true,"href":"https:\/\/www.europesays.com\/fr\/wp-json\/wp\/v2\/users\/2"}],"replies":[{"embeddable":true,"href":"https:\/\/www.europesays.com\/fr\/wp-json\/wp\/v2\/comments?post=31646"}],"version-history":[{"count":0,"href":"https:\/\/www.europesays.com\/fr\/wp-json\/wp\/v2\/posts\/31646\/revisions"}],"wp:featuredmedia":[{"embeddable":true,"href":"https:\/\/www.europesays.com\/fr\/wp-json\/wp\/v2\/media\/31647"}],"wp:attachment":[{"href":"https:\/\/www.europesays.com\/fr\/wp-json\/wp\/v2\/media?parent=31646"}],"wp:term":[{"taxonomy":"category","embeddable":true,"href":"https:\/\/www.europesays.com\/fr\/wp-json\/wp\/v2\/categories?post=31646"},{"taxonomy":"post_tag","embeddable":true,"href":"https:\/\/www.europesays.com\/fr\/wp-json\/wp\/v2\/tags?post=31646"}],"curies":[{"name":"wp","href":"https:\/\/api.w.org\/{rel}","templated":true}]}}