{"id":316464,"date":"2025-08-13T14:38:10","date_gmt":"2025-08-13T14:38:10","guid":{"rendered":"https:\/\/www.europesays.com\/fr\/316464\/"},"modified":"2025-08-13T14:38:10","modified_gmt":"2025-08-13T14:38:10","slug":"festival-impromed-a-la-seyne-devenez-enqueteur-en-1490-et-decidez-du-sort-des-sorcieres-au-fort-balaguier","status":"publish","type":"post","link":"https:\/\/www.europesays.com\/fr\/316464\/","title":{"rendered":"Festival Impromed \u00e0 La Seyne: devenez enqu\u00eateur en 1490 et d\u00e9cidez du sort des sorci\u00e8res au fort Balaguier"},"content":{"rendered":"<p>Du c\u00f4t\u00e9 de l\u2019organisation, pas de place laiss\u00e9e \u00e0 l\u2019improvisation. R\u00e9gl\u00e9e comme du papier \u00e0 musique, la sixi\u00e8me \u00e9dition du festival Impromed, d\u00e9di\u00e9 \u00e0 l\u2019improvisation th\u00e9\u00e2trale en particulier et plus largement aux arts improvis\u00e9s, investit le fort Balaguier et son cadre magique, du 14 au 16 ao\u00fbt, en d\u00e9clinant trois spectacles de diff\u00e9rents formats en soir\u00e9e. Un d\u00e9coupage qui fait ses preuves depuis trois ans. Avec, comme d\u2019habitude, une large place laiss\u00e9e \u00e0 l\u2019interaction avec le public.<\/p>\n<p>Ce sera particuli\u00e8rement le cas samedi 16 ao\u00fbt avec l\u2019enqu\u00eate immersive chorale Sorci\u00e8res (cr\u00e9ation de Ma\u00eblle Fierpied) \u00e9crite sp\u00e9cialement pour la sc\u00e8ne du fort Balaguier, qui laissera \u00e9clater le talent de trente com\u00e9diens, sur sc\u00e8ne ou dans un c\u0153ur musical.<\/p>\n<p>Plaidoiries des spectateurs sur sc\u00e8ne! <\/p>\n<p>\u00ab\u00a0Ce sera comme jouer au Cluedo, illustre Florence Fournier, pr\u00e9sidente de l\u2019association organisatrice Impro2pro et l\u2019une de ses directrices artistiques (avec Maity et Julien Dumont). L\u2019enqu\u00eate d\u2019une dur\u00e9e de deux heures, men\u00e9e par le public, aura pour cadre un village m\u00e9di\u00e9val de 1490 reconstitu\u00e9, dont le quotidien des habitants va \u00eatre interrompu par l\u2019arriv\u00e9e du grand inquisiteur.\u00a0\u00bb<\/p>\n<p>Il s\u2019agira pour le public (la jauge est limit\u00e9e \u00e0 90 places) de prouver la culpabilit\u00e9 de six sorci\u00e8res pr\u00e9sum\u00e9es ou de les innocenter. \u00ab\u00a0Des spectateurs seront m\u00eame appel\u00e9s \u00e0 monter sur sc\u00e8ne pour plaider\u00a0\u00bb, souligne la directrice artistique. Pour incarner un \u00ab\u00a0enqu\u00eateur m\u00e9di\u00e9val, interroger les suspectes et fouiller dans les m\u00e9andres d\u2019un village qui cache bien des secrets\u00a0\u00bb, r\u00e9servation obligatoire. Il reste une dizaine de places.<\/p>\n<p>Des questions-r\u00e9ponses pour donner une trame \u00e0 la pi\u00e8ce <\/p>\n<p>Jeudi 14 ao\u00fbt, c\u2019est Olivier St\u00e9phan qui \u00ab\u00a0seul en sc\u00e8ne\u00a0\u00bb fera le spectacle \u00e0 lui tout seul dans J\u2019aurais voulu \u00eatre Florence Arthaud et improvisera durant un peu plus d\u2019une heure sur la figure de la c\u00e9l\u00e8bre navigatrice en imaginant la rencontre de celle-ci et d\u2019un ado un peu paum\u00e9.<\/p>\n<p>Vendredi 15 ao\u00fbt, pendant 1h15, le public pourra donner sa trame \u00e0 la \u00ab\u00a0pi\u00e8ce improvis\u00e9e\u00a0\u00bb T\u00f4t ou tard gr\u00e2ce \u00e0 des r\u00e9ponses apport\u00e9es aux com\u00e9diens en d\u00e9but de spectacle dans le cadre d\u2019une interview. Interactivit\u00e9, toujours.<\/p>\n<p>Les 14 et 15 ao\u00fbt, des premi\u00e8res parties de soir\u00e9e mettront en sc\u00e8ne des improvisations musicales. Pour \u00e9voquer les ann\u00e9es 1990, en lien avec Florence Arthaud jeudi ; avec un r\u00e9pertoire de chansons fran\u00e7aises, vendredi.<\/p>\n<p>\u00c0 l\u2019origine seynoise, l\u2019association Impro2pro, aujourd\u2019hui bas\u00e9e \u00e0 Porte d\u2019Italie \u00e0 Toulon d\u2019o\u00f9 elle rayonne, diffuse l\u2019improvisation sur l\u2019agglom\u00e9ration toulonnaise depuis une quinzaine d\u2019ann\u00e9es et organise \u00e9galement des cours d\u2019improvisation au Th\u00e9\u00e2tre Colbert.<\/p>\n<p><strong>Savoir+<\/strong><br \/>&#13;<br \/>\nFestival Impromed, fort Balaguier, 924 corniche Bonaparte \u00e0 La Seyne. Ouverture des portes 19h30 &#8211; spectacle 21h. Prix des places 15 euros (tarif r\u00e9duit 12 euros). <br \/>&#13;<br \/>\nR\u00e9servation sur <a href=\"http:\/\/www.helloasso.com\" target=\"_blank\" rel=\"noopener\">www.helloasso.com<\/a>.<br \/>&#13;<br \/>\nRens. 06.81.61.03.03.<\/p>\n","protected":false},"excerpt":{"rendered":"Du c\u00f4t\u00e9 de l\u2019organisation, pas de place laiss\u00e9e \u00e0 l\u2019improvisation. R\u00e9gl\u00e9e comme du papier \u00e0 musique, la sixi\u00e8me&hellip;\n","protected":false},"author":2,"featured_media":316465,"comment_status":"","ping_status":"","sticky":false,"template":"","format":"standard","meta":{"footnotes":""},"categories":[9619],"tags":[1111,11,251,1777,674,1011,27,12,882,25,1347,2310],"class_list":{"0":"post-316464","1":"post","2":"type-post","3":"status-publish","4":"format-standard","5":"has-post-thumbnail","7":"category-toulon","8":"tag-actu","9":"tag-actualites","10":"tag-culture","11":"tag-eu","12":"tag-europe","13":"tag-fr","14":"tag-france","15":"tag-news","16":"tag-provence-alpes-cote-dazur","17":"tag-republique-francaise","18":"tag-theatre","19":"tag-toulon"},"share_on_mastodon":{"url":"https:\/\/pubeurope.com\/@fr\/115021971731144961","error":""},"_links":{"self":[{"href":"https:\/\/www.europesays.com\/fr\/wp-json\/wp\/v2\/posts\/316464","targetHints":{"allow":["GET"]}}],"collection":[{"href":"https:\/\/www.europesays.com\/fr\/wp-json\/wp\/v2\/posts"}],"about":[{"href":"https:\/\/www.europesays.com\/fr\/wp-json\/wp\/v2\/types\/post"}],"author":[{"embeddable":true,"href":"https:\/\/www.europesays.com\/fr\/wp-json\/wp\/v2\/users\/2"}],"replies":[{"embeddable":true,"href":"https:\/\/www.europesays.com\/fr\/wp-json\/wp\/v2\/comments?post=316464"}],"version-history":[{"count":0,"href":"https:\/\/www.europesays.com\/fr\/wp-json\/wp\/v2\/posts\/316464\/revisions"}],"wp:featuredmedia":[{"embeddable":true,"href":"https:\/\/www.europesays.com\/fr\/wp-json\/wp\/v2\/media\/316465"}],"wp:attachment":[{"href":"https:\/\/www.europesays.com\/fr\/wp-json\/wp\/v2\/media?parent=316464"}],"wp:term":[{"taxonomy":"category","embeddable":true,"href":"https:\/\/www.europesays.com\/fr\/wp-json\/wp\/v2\/categories?post=316464"},{"taxonomy":"post_tag","embeddable":true,"href":"https:\/\/www.europesays.com\/fr\/wp-json\/wp\/v2\/tags?post=316464"}],"curies":[{"name":"wp","href":"https:\/\/api.w.org\/{rel}","templated":true}]}}