{"id":316466,"date":"2025-08-13T14:39:11","date_gmt":"2025-08-13T14:39:11","guid":{"rendered":"https:\/\/www.europesays.com\/fr\/316466\/"},"modified":"2025-08-13T14:39:11","modified_gmt":"2025-08-13T14:39:11","slug":"le-programme-des-festivites-du-15-aout-2025-a-toulon-toulon","status":"publish","type":"post","link":"https:\/\/www.europesays.com\/fr\/316466\/","title":{"rendered":"Le programme des festivit\u00e9s du 15 ao\u00fbt 2025 \u00e0 Toulon &#8211; Toulon"},"content":{"rendered":"<p>Cette ann\u00e9e encore, Toulon annonce un grand spectacle sur les plages du Mourillon pour ce vendredi 15 ao\u00fbt 2025.<\/p>\n<p>&#13;<\/p>\n<p>Toulon comm\u00e9more le 81e anniversaire du D\u00e9barquement en Provence avec le <strong>traditionnel show a\u00e9rien de la Patrouille de France<\/strong> et l<strong>\u2019embrasement du fort Saint-Louis.<\/strong><\/p>\n<p>&#13;<\/p>\n<p>Entre Toulon et la Patrouille de France (PAF), c\u2019est une histoire qui dure. Voil\u00e0 presque <strong>25 ans<\/strong> que les\u00a0touristes et les Toulonnais, fascin\u00e9s par la virtuosit\u00e9 acrobatique des pilotes de l\u2019Arm\u00e9e de l\u2019Air fran\u00e7aise 10\u00a0<strong>se r\u00e9unissent sur les plages du Mourillon pour le 15 ao\u00fbt<\/strong>.\u00a0<\/p>\n<p>&#13;<\/p>\n<p>Tous auront les yeux braqu\u00e9s vers le ciel pour\u00a0admirer les <strong>\u00ab chevaliers du ciel \u00bb<\/strong> et les <strong>incontournables figures<\/strong> qu\u2019ils ex\u00e9cutent \u00e0 800km\/h.<\/p>\n<p>&#13;<\/p>\n<p>La s\u00e9rie se d\u00e9compose en <strong>2 parties<\/strong> :<\/p>\n<p>&#13;<\/p>\n<p>&#8211;<strong> \u00ab le ruban \u00bb<\/strong>, dans laquelle les 8 Alpha Jets \u00e9voluent en formation\u00a0serr\u00e9e et permettent de voir des figures comme le canard, le croisillon ou la fl\u00e8che<\/p>\n<p>&#13;<\/p>\n<p>&#8211;\u00a0<strong>\u00ab la\u00a0synchronisation \u00bb<\/strong>, quand la patrouille se divise en deux groupes effectuant alternativement des\u00a0acrobaties, plus dynamiques et plus impressionnantes, avec 2, 4 ou 6 engins.<\/p>\n<p>&#13;<\/p>\n<p>Pr\u00e9vu vers <strong>17h45<\/strong>, l\u2019encha\u00eenement de la PAF sera pr\u00e9c\u00e9d\u00e9 <strong>\u00e0 partir de 16h30<\/strong> par les d\u00e9monstrations\u00a0des <strong>h\u00e9licopt\u00e8res Dauphin de la 35F<\/strong> et <strong>Panther de le 36F<\/strong>, les deux flottilles \u00e9tant bas\u00e9es \u00e0 Hy\u00e8res.<\/p>\n<p>&#13;<\/p>\n<p>S\u2019en\u00a0suivront les <strong>prestations de l\u2019\u00e9cole de voltige de l\u2019Arm\u00e9e de l\u2019air<\/strong> et de l\u2019espace puis de l\u2019association Rafale\u00a0Solo Display.<\/p>\n<p>&#13;<\/p>\n<p>Au panache tricolore de la Patrouille de France, succ\u00e8deront l<strong>es fus\u00e9es multicolores du tant attendu feu\u00a0d\u2019artifice<\/strong> du 15-Ao\u00fbt.<\/p>\n<p>&#13;<\/p>\n<p><strong>D\u00e8s 22 heure<\/strong>s, le ciel toulonnais se parera d\u2019\u00e9clats de lumi\u00e8re tous plus chatoyants les uns que les autres.<\/p>\n<p>&#13;<\/p>\n<p>&#8211; Meeting a\u00e9rien:\u00a015 ao\u00fbt-Plages du Mourillon &#8211; \u00e0\u00a0partir de 16h30<\/p>\n<p>&#13;<\/p>\n<p>&#8211; Feu d\u2019artifice:\u00a0Fort Saint-Louis &#8211; \u00e0\u00a0partir de 22 heures<\/p>\n<p>&#13;<\/p>\n<p><strong>Le feu d\u2019artifice sera diffus\u00e9 en live sur la page Facebook de la Ville de Toulon.<\/strong>\u00a0<\/p>\n<p>&#13;<\/p>\n<p> \u00a0  <\/p>\n<p>&#13;<\/p>\n<p>\t\t\t\tLe programme des festivit\u00e9s du 15 ao\u00fbt dans le Var&#13;<\/p>\n","protected":false},"excerpt":{"rendered":"Cette ann\u00e9e encore, Toulon annonce un grand spectacle sur les plages du Mourillon pour ce vendredi 15 ao\u00fbt&hellip;\n","protected":false},"author":2,"featured_media":316467,"comment_status":"","ping_status":"","sticky":false,"template":"","format":"standard","meta":{"footnotes":""},"categories":[9619],"tags":[1111,11,1777,674,1011,27,12,882,25,2310],"class_list":{"0":"post-316466","1":"post","2":"type-post","3":"status-publish","4":"format-standard","5":"has-post-thumbnail","7":"category-toulon","8":"tag-actu","9":"tag-actualites","10":"tag-eu","11":"tag-europe","12":"tag-fr","13":"tag-france","14":"tag-news","15":"tag-provence-alpes-cote-dazur","16":"tag-republique-francaise","17":"tag-toulon"},"share_on_mastodon":{"url":"https:\/\/pubeurope.com\/@fr\/115021975698389251","error":""},"_links":{"self":[{"href":"https:\/\/www.europesays.com\/fr\/wp-json\/wp\/v2\/posts\/316466","targetHints":{"allow":["GET"]}}],"collection":[{"href":"https:\/\/www.europesays.com\/fr\/wp-json\/wp\/v2\/posts"}],"about":[{"href":"https:\/\/www.europesays.com\/fr\/wp-json\/wp\/v2\/types\/post"}],"author":[{"embeddable":true,"href":"https:\/\/www.europesays.com\/fr\/wp-json\/wp\/v2\/users\/2"}],"replies":[{"embeddable":true,"href":"https:\/\/www.europesays.com\/fr\/wp-json\/wp\/v2\/comments?post=316466"}],"version-history":[{"count":0,"href":"https:\/\/www.europesays.com\/fr\/wp-json\/wp\/v2\/posts\/316466\/revisions"}],"wp:featuredmedia":[{"embeddable":true,"href":"https:\/\/www.europesays.com\/fr\/wp-json\/wp\/v2\/media\/316467"}],"wp:attachment":[{"href":"https:\/\/www.europesays.com\/fr\/wp-json\/wp\/v2\/media?parent=316466"}],"wp:term":[{"taxonomy":"category","embeddable":true,"href":"https:\/\/www.europesays.com\/fr\/wp-json\/wp\/v2\/categories?post=316466"},{"taxonomy":"post_tag","embeddable":true,"href":"https:\/\/www.europesays.com\/fr\/wp-json\/wp\/v2\/tags?post=316466"}],"curies":[{"name":"wp","href":"https:\/\/api.w.org\/{rel}","templated":true}]}}