{"id":316471,"date":"2025-08-13T14:46:11","date_gmt":"2025-08-13T14:46:11","guid":{"rendered":"https:\/\/www.europesays.com\/fr\/316471\/"},"modified":"2025-08-13T14:46:11","modified_gmt":"2025-08-13T14:46:11","slug":"la-commune-de-saint-martin-dheres-en-pleine-mutation","status":"publish","type":"post","link":"https:\/\/www.europesays.com\/fr\/316471\/","title":{"rendered":"La commune de Saint-Martin-d&rsquo;H\u00e8res en pleine mutation"},"content":{"rendered":"<p>La <a href=\"https:\/\/www.grenoblealpesmetropole.fr\/\" target=\"_blank\" rel=\"noopener nofollow\">M\u00e9tropole de Grenoble<\/a> m\u00e8ne \u00ab\u00a0deux chan\u00adtiers d\u2019envergure\u00a0\u00bb sur le ter\u00adri\u00adtoire de Saint-Martin-d\u2019H\u00e8res, en plein c\u0153ur de l\u2019\u00e9t\u00e9\u00a0: l\u2019un sur le sec\u00adteur Gabriel-P\u00e9ri, l\u2019autre dans les quar\u00adtiers sud, dans le cadre du pro\u00adgramme C\u0153urs de ville, c\u0153urs de m\u00e9tro\u00adpole (CVCM). Objectif\u00a0? \u00ab\u00a0Transformer les espaces publics et am\u00e9\u00adlio\u00adrer la s\u00e9cu\u00adrit\u00e9 des usa\u00adgers, notam\u00adment celle des pi\u00e9\u00adtons et des cyclistes\u00a0\u00bb, reven\u00addique l\u2019in\u00adter\u00adcom\u00admu\u00adna\u00adlit\u00e9. Le tout dans le cadre d\u2019une \u00ab\u00a0muta\u00adtion pro\u00adfonde\u00a0\u00bb de la commune.<\/p>\n<p><a href=\"https:\/\/www.europesays.com\/fr\/wp-content\/uploads\/2025\/08\/ferrari-queiros-fm-scaled.jpg\" target=\"_blank\" rel=\"noopener\"><img fetchpriority=\"high\" decoding=\"async\" aria-describedby=\"caption-attachment-657703\" class=\"wp-image-657703 size-full\" src=\"data:image\/svg+xml,%3Csvg%20xmlns=\" http:=\"\" alt=\"Christophe Ferrari, pr\u00e9sident de la M\u00e9tropole de Grenoble, et David Queiros, maire de Saint-Martin-d'H\u00e8res. \u00a9 Florent Mathieu - Place Gre'net\" width=\"2048\" height=\"1320\" data-lazy- data-lazy- data-lazy-src=\"https:\/\/www.europesays.com\/fr\/wp-content\/uploads\/2025\/08\/ferrari-queiros-fm-scaled.jpg\"\/><\/a><\/p>\n<p id=\"caption-attachment-657703\" class=\"wp-caption-text\">Christophe Ferrari, pr\u00e9\u00adsident de la M\u00e9tropole de Grenoble, et David Queiros, maire de Saint-Martin-d\u2019H\u00e8res. \u00a9 Florent Mathieu \u2013 Place Gre\u2019net<\/p>\n<p>Un peu moins mis en avant ces der\u00adni\u00e8res ann\u00e9es apr\u00e8s avoir fait <a href=\"https:\/\/www.placegrenet.fr\/2019\/07\/03\/grenoble-5e-ville-embouteillee-cvcm\/530968\" target=\"_blank\" rel=\"noopener nofollow\">beau\u00adcoup par\u00adler de lui<\/a> durant le man\u00addat 2014\u200a\u2013\u200a2020, CVCM \u00ab\u00a0vise \u00e0 rendre les centres-villes et centres-bourgs de l\u2019agglom\u00e9ration plus acces\u00adsibles et agr\u00e9ables \u00e0 vivre, en offrant une qua\u00adlit\u00e9 d\u2019am\u00e9nagement favo\u00adrable \u00e0 des d\u00e9pla\u00adce\u00adments apai\u00ads\u00e9s et pro\u00adpice \u00e0 une vie com\u00admer\u00adciale dyna\u00admique\u00a0\u00bb, rap\u00adpelle la M\u00e9tropole. C\u2019est notam\u00adment dans son cadre que la rue de la R\u00e9publique et la place Grenette ont \u00e9t\u00e9 <a href=\"https:\/\/www.placegrenet.fr\/2018\/03\/14\/cvcm-place-grenette-xxiesiecle-consensus-chez-commercants-concernes\/528854\" target=\"_blank\" rel=\"noopener nofollow\">pi\u00e9\u00adton\u00adni\u00ads\u00e9es<\/a> \u00e0 Grenoble.<\/p>\n<p>\u00c0 Saint-Martin-d\u2019H\u00e8res, le pro\u00adjet CVCM concerne le r\u00e9am\u00e9\u00adna\u00adge\u00adment des quar\u00adtiers sud de la com\u00admune, autour du sec\u00adteur Marcel-Cachin. Celui-ci vise, selon la M\u00e9tropole, \u00e0 \u00ab\u00a0confor\u00adter les p\u00f4les de vie\u00a0\u00bb qui jalonnent l\u2019a\u00adve\u00adnue\u00a0: ses \u00e9coles, son mar\u00adch\u00e9, ses p\u00f4les com\u00admer\u00adciaux et ses \u00e9qui\u00adpe\u00adments publics.<\/p>\n<p>Mais aussi \u00e0 d\u00e9ve\u00adlop\u00adper la pra\u00adtique cyclable, \u00e0 r\u00e9duire la cir\u00adcu\u00adla\u00adtion des v\u00e9hi\u00adcules et \u00e0 \u00ab\u00a0ren\u00adfor\u00adcer la dimen\u00adsion v\u00e9g\u00e9\u00adtale des lieux dans une logique pay\u00adsa\u00adg\u00e8re et envi\u00adron\u00adne\u00admen\u00adtale\u00a0\u00bb.<\/p>\n","protected":false},"excerpt":{"rendered":"La M\u00e9tropole de Grenoble m\u00e8ne \u00ab\u00a0deux chan\u00adtiers d\u2019envergure\u00a0\u00bb sur le ter\u00adri\u00adtoire de Saint-Martin-d\u2019H\u00e8res, en plein c\u0153ur de l\u2019\u00e9t\u00e9\u00a0:&hellip;\n","protected":false},"author":2,"featured_media":316472,"comment_status":"","ping_status":"","sticky":false,"template":"","format":"standard","meta":{"footnotes":""},"categories":[9566],"tags":[1111,11,2430,1777,674,1011,27,2731,12,25],"class_list":{"0":"post-316471","1":"post","2":"type-post","3":"status-publish","4":"format-standard","5":"has-post-thumbnail","7":"category-grenoble","8":"tag-actu","9":"tag-actualites","10":"tag-auvergne-rhone-alpes","11":"tag-eu","12":"tag-europe","13":"tag-fr","14":"tag-france","15":"tag-grenoble","16":"tag-news","17":"tag-republique-francaise"},"share_on_mastodon":{"url":"https:\/\/pubeurope.com\/@fr\/115022003419659538","error":""},"_links":{"self":[{"href":"https:\/\/www.europesays.com\/fr\/wp-json\/wp\/v2\/posts\/316471","targetHints":{"allow":["GET"]}}],"collection":[{"href":"https:\/\/www.europesays.com\/fr\/wp-json\/wp\/v2\/posts"}],"about":[{"href":"https:\/\/www.europesays.com\/fr\/wp-json\/wp\/v2\/types\/post"}],"author":[{"embeddable":true,"href":"https:\/\/www.europesays.com\/fr\/wp-json\/wp\/v2\/users\/2"}],"replies":[{"embeddable":true,"href":"https:\/\/www.europesays.com\/fr\/wp-json\/wp\/v2\/comments?post=316471"}],"version-history":[{"count":0,"href":"https:\/\/www.europesays.com\/fr\/wp-json\/wp\/v2\/posts\/316471\/revisions"}],"wp:featuredmedia":[{"embeddable":true,"href":"https:\/\/www.europesays.com\/fr\/wp-json\/wp\/v2\/media\/316472"}],"wp:attachment":[{"href":"https:\/\/www.europesays.com\/fr\/wp-json\/wp\/v2\/media?parent=316471"}],"wp:term":[{"taxonomy":"category","embeddable":true,"href":"https:\/\/www.europesays.com\/fr\/wp-json\/wp\/v2\/categories?post=316471"},{"taxonomy":"post_tag","embeddable":true,"href":"https:\/\/www.europesays.com\/fr\/wp-json\/wp\/v2\/tags?post=316471"}],"curies":[{"name":"wp","href":"https:\/\/api.w.org\/{rel}","templated":true}]}}