{"id":316473,"date":"2025-08-13T14:47:24","date_gmt":"2025-08-13T14:47:24","guid":{"rendered":"https:\/\/www.europesays.com\/fr\/316473\/"},"modified":"2025-08-13T14:47:24","modified_gmt":"2025-08-13T14:47:24","slug":"video-un-bus-mtag-filme-dans-les-rues-dun-village-au-maroc-a-2-000-km-de-grenoble","status":"publish","type":"post","link":"https:\/\/www.europesays.com\/fr\/316473\/","title":{"rendered":"VIDEO. Un bus MTag film\u00e9 dans les rues d&rsquo;un village au Maroc \u00e0 2 000 km de Grenoble"},"content":{"rendered":"<p>            Par<br \/>\n        <strong><br \/>\n            <a href=\"https:\/\/actu.fr\/auteur\/lisa-rodrigues\" title=\"Consulter tous les articles de Lisa Rodrigues\" target=\"_blank\" rel=\"noopener\">Lisa Rodrigues<\/a><br \/>\n        <\/strong><\/p>\n<p>        Publi\u00e9 le<\/p>\n<p>            13 ao\u00fbt 2025 \u00e0 16h12        <\/p>\n<p>Il a fait un voyage d\u2019un peu plus de 2 100 kilom\u00e8tres. Lui, c\u2019est un bus aux couleurs de MTag, le r\u00e9seau de transports de <a href=\"https:\/\/actu.fr\/auvergne-rhone-alpes\/grenoble_38185\" target=\"_blank\" rel=\"noopener\">Grenoble<\/a>.\u00a0<\/p>\n<p class=\" wall-content\">Dans une vid\u00e9o de Mohamed Tifaki post\u00e9e sur TikTok et rep\u00e9r\u00e9e par <a href=\"https:\/\/c.ledauphine.com\/insolite\/2025\/08\/13\/isere-grenoble-insolite-un-influenceur-retrouve-un-bus-m-tag-a-une-heure-de-casablanca\" target=\"_blank\" rel=\"noopener\">Le Dauphin\u00e9 Lib\u00e9r\u00e9<\/a>, on voit l\u2019influenceur is\u00e9rois montrer \u00e0 ses followers un <strong>bus grenoblois<\/strong> dans la rue de la ville d\u2019El-Gara\u2026 \u00e0 une heure de route de Casablanca <strong>au Maroc<\/strong> !<\/p>\n<p>\u00ab\u00a0J\u2019\u00e9tais oblig\u00e9 de m\u2019arr\u00eater\u00a0\u00bb<\/p>\n<p class=\" wall-content\">Sur la vid\u00e9o, on reconna\u00eet bien le flocage jaune caract\u00e9ristique des <strong>lignes Chrono<\/strong> de la capitale des Alpes. L\u2019influenceur montre m\u00eame la vieille plaque d\u2019immatriculation fran\u00e7aise \u00e0 l\u2019arri\u00e8re, avec le num\u00e9ro 38 indiqu\u00e9.<\/p>\n<blockquote class=\"tiktok-embed\" cite=\"https:\/\/www.tiktok.com\/@mohamedtifaki38\/video\/7537721963129736470\" data-video-id=\"7537721963129736470\" data-embed-from=\"oembed\" style=\"max-width:605px; min-width:325px;\"><p>\n<a target=\"_blank\" title=\"@mohamedtifaki38\" href=\"https:\/\/www.tiktok.com\/@mohamedtifaki38?refer=embed\" rel=\"noopener\">@mohamedtifaki38<\/a> <\/p>\n<p>Un Bus de Grenoble dans le village de El-Gara<a title=\"muslimtiktok\" target=\"_blank\" href=\"https:\/\/www.tiktok.com\/tag\/muslimtiktok?refer=embed\" rel=\"noopener\">#muslimtiktok<\/a> <a title=\"islam\" target=\"_blank\" href=\"https:\/\/www.tiktok.com\/tag\/islam?refer=embed\" rel=\"noopener\">#islam<\/a> <a title=\"pyf\" target=\"_blank\" href=\"https:\/\/www.tiktok.com\/tag\/pyf?refer=embed\" rel=\"noopener\">#pyf<\/a> <a title=\"muslim\" target=\"_blank\" href=\"https:\/\/www.tiktok.com\/tag\/muslim?refer=embed\" rel=\"noopener\">#muslim<\/a> <a title=\"grenoble\" target=\"_blank\" href=\"https:\/\/www.tiktok.com\/tag\/grenoble?refer=embed\" rel=\"noopener\">#grenoble<\/a> <a title=\"tag\" target=\"_blank\" href=\"https:\/\/www.tiktok.com\/tag\/tag?refer=embed\" rel=\"noopener\">#tag<\/a> <\/p>\n<p> <a target=\"_blank\" title=\"\u266c son original - Mohamed Tifaki\" href=\"https:\/\/www.tiktok.com\/music\/son-original-7537721956483713814?refer=embed\" rel=\"noopener\">\u266c son original \u2013 Mohamed Tifaki<\/a> <\/p>\n<\/blockquote>\n<p class=\" wall-content\">\u00ab\u00a0Incroyable qu\u2019un bus de Grenoble se trouve dans ce patelin, s\u2019exclame l\u2019Is\u00e9rois. J\u2019\u00e9tais oblig\u00e9 de m\u2019arr\u00eater !\u00a0\u00bb<\/p>\n<p class=\" wall-content\">Dans la vid\u00e9o, aucun chauffeur ou passagers n\u2019est pr\u00e9sent aux abords ou \u00e0 l\u2019int\u00e9rieur, le v\u00e9hicule \u00e9tant gar\u00e9 sur le bas-c\u00f4t\u00e9.<\/p>\n<p>Les th\u00e9ories sur son arriv\u00e9e au Maroc<\/p>\n<p class=\" wall-content\">Si rien n\u2019est dit comment le bus grenoblois s\u2019est retrouv\u00e9 de l\u2019autre c\u00f4t\u00e9 de la M\u00e9diterran\u00e9e, <strong>plusieurs hypoth\u00e8ses<\/strong> \u00e9mergent dans les commentaires sous la vid\u00e9o, vue \u00e0 l\u2019heure actuelle par plus de 23 000 personnes.<\/p>\n<p class=\" wall-content\">La plus probable \u00e9tant que MR\u00e9so, en charge des transports sur la M\u00e9tropole de Grenoble, ait vendu un de ses vieux v\u00e9hicules, qui s\u2019est ensuite retrouv\u00e9 en circulation au Maroc pour vivre une deuxi\u00e8me vie.<\/p>\n<p class=\" wall-content\">Suivez toute l\u2019actualit\u00e9 de vos villes et m\u00e9dias favoris en vous inscrivant \u00e0 <a href=\"https:\/\/moncompte.actu.fr\" title=\"D\u00e9couvez Mon Actu\" rel=\"nofollow noopener\" data-trk=\"{&quot;cta&quot;:{&quot;action&quot;:&quot;https:\\\/\\\/moncompte.actu.fr&quot;,&quot;category&quot;:&quot;mon compte&quot;,&quot;from&quot;:&quot;article footer&quot;,&quot;name&quot;:&quot;Mon actu&quot;,&quot;type&quot;:&quot;cta&quot;}}\" target=\"_blank\">Mon Actu<\/a>.<\/p>\n<ul class=\"ac-article-tag wall-content\">\n<li><a href=\"https:\/\/actu.fr\/tag\/insolite\" data-trk=\"{&quot;cta&quot;:{&quot;action&quot;:&quot;Insolite&quot;,&quot;category&quot;:&quot;tag&quot;,&quot;from&quot;:&quot;article footer&quot;,&quot;name&quot;:&quot;Insolite&quot;,&quot;type&quot;:&quot;cta&quot;}}\" target=\"_blank\" rel=\"noopener\">#Insolite<\/a><\/li>\n<li><a href=\"https:\/\/actu.fr\/tag\/transport-de-lagglomeration-grenobloise-tag\" data-trk=\"{&quot;cta&quot;:{&quot;action&quot;:&quot;Transport de l&#039;agglom\\u00e9ration grenobloise (TAG)&quot;,&quot;category&quot;:&quot;tag&quot;,&quot;from&quot;:&quot;article footer&quot;,&quot;name&quot;:&quot;Transport de l&#039;agglom\\u00e9ration grenobloise (TAG)&quot;,&quot;type&quot;:&quot;cta&quot;}}\" target=\"_blank\" rel=\"noopener\">#Transport de l&rsquo;agglom\u00e9ration grenobloise (TAG)<\/a><\/li>\n<\/ul>\n<p>                    <script async src=\"\/\/www.tiktok.com\/embed.js\"><\/script><\/p>\n","protected":false},"excerpt":{"rendered":"Par Lisa Rodrigues Publi\u00e9 le 13 ao\u00fbt 2025 \u00e0 16h12 Il a fait un voyage d\u2019un peu plus&hellip;\n","protected":false},"author":2,"featured_media":316474,"comment_status":"","ping_status":"","sticky":false,"template":"","format":"standard","meta":{"footnotes":""},"categories":[9566],"tags":[1111,11,2430,1777,674,1011,27,2731,1757,12,25,104,8194],"class_list":{"0":"post-316473","1":"post","2":"type-post","3":"status-publish","4":"format-standard","5":"has-post-thumbnail","7":"category-grenoble","8":"tag-actu","9":"tag-actualites","10":"tag-auvergne-rhone-alpes","11":"tag-eu","12":"tag-europe","13":"tag-fr","14":"tag-france","15":"tag-grenoble","16":"tag-insolite","17":"tag-news","18":"tag-republique-francaise","19":"tag-societe","20":"tag-transport-de-lagglomeration-grenobloise-tag"},"share_on_mastodon":{"url":"https:\/\/pubeurope.com\/@fr\/115022007152331560","error":""},"_links":{"self":[{"href":"https:\/\/www.europesays.com\/fr\/wp-json\/wp\/v2\/posts\/316473","targetHints":{"allow":["GET"]}}],"collection":[{"href":"https:\/\/www.europesays.com\/fr\/wp-json\/wp\/v2\/posts"}],"about":[{"href":"https:\/\/www.europesays.com\/fr\/wp-json\/wp\/v2\/types\/post"}],"author":[{"embeddable":true,"href":"https:\/\/www.europesays.com\/fr\/wp-json\/wp\/v2\/users\/2"}],"replies":[{"embeddable":true,"href":"https:\/\/www.europesays.com\/fr\/wp-json\/wp\/v2\/comments?post=316473"}],"version-history":[{"count":0,"href":"https:\/\/www.europesays.com\/fr\/wp-json\/wp\/v2\/posts\/316473\/revisions"}],"wp:featuredmedia":[{"embeddable":true,"href":"https:\/\/www.europesays.com\/fr\/wp-json\/wp\/v2\/media\/316474"}],"wp:attachment":[{"href":"https:\/\/www.europesays.com\/fr\/wp-json\/wp\/v2\/media?parent=316473"}],"wp:term":[{"taxonomy":"category","embeddable":true,"href":"https:\/\/www.europesays.com\/fr\/wp-json\/wp\/v2\/categories?post=316473"},{"taxonomy":"post_tag","embeddable":true,"href":"https:\/\/www.europesays.com\/fr\/wp-json\/wp\/v2\/tags?post=316473"}],"curies":[{"name":"wp","href":"https:\/\/api.w.org\/{rel}","templated":true}]}}