{"id":316475,"date":"2025-08-13T14:48:16","date_gmt":"2025-08-13T14:48:16","guid":{"rendered":"https:\/\/www.europesays.com\/fr\/316475\/"},"modified":"2025-08-13T14:48:16","modified_gmt":"2025-08-13T14:48:16","slug":"il-y-a-une-combinaison-de-plusieurs-facteurs-pourquoi-la-lumiere-dans-le-ciel-de-rennes-est-elle-aussi-etrange-ce-mercredi","status":"publish","type":"post","link":"https:\/\/www.europesays.com\/fr\/316475\/","title":{"rendered":"\u00ab\u00a0Il y a une combinaison de plusieurs facteurs\u00a0\u00bb\u00a0: pourquoi la lumi\u00e8re dans le ciel de Rennes est-elle aussi \u00e9trange ce mercredi\u00a0?"},"content":{"rendered":"<p>Alors qu\u2019une nouvelle vague de chaleur s\u2019avance vers la Bretagne, l\u2019ambiance est pour le moment morose sur Rennes et ses alentours. Ce mercredi 13 ao\u00fbt, la ville se retrouve plong\u00e9e dans une lumi\u00e8re couleur s\u00e9pia, sous un ciel aux teintes jaunes et orang\u00e9es. Comment l\u2019expliquer ? La capitale bretonne est en fait touch\u00e9e par plusieurs ph\u00e9nom\u00e8nes m\u00e9t\u00e9orologiques simultan\u00e9s, selon les explications de <a href=\"https:\/\/www.letelegramme.fr\/bretagne\/ces-attaques-sont-preparees-et-bien-ciblees-le-meteorologue-steven-tual-deplore-une-montee-en-puissance-des-climatosceptiques-sur-les-reseaux-sociaux-interview-6870478.php\" target=\"_blank\" rel=\"noopener\">Steven Tual, patron de la soci\u00e9t\u00e9 Temps breton<\/a>.<\/p>\n<p>\u00ab Il y a une combinaison de plusieurs facteurs \u00bb, d\u00e9taille-t-il. Le premier : un nuage de sable du Sahara traverse en ce moment le ciel de l\u2019Ille-et-Vilaine, comme le montrent les relev\u00e9s satellites (voir ci-dessous). \u00ab Il y a des particules de poussi\u00e8res dans l\u2019air, apport\u00e9es par les vents qui viennent de ce d\u00e9sert d\u2019Afrique. C\u2019est amplifi\u00e9 par le d\u00f4me de chaleur qui comprime l\u2019air sur la surface. \u00bb <a href=\"https:\/\/www.letelegramme.fr\/bretagne\/un-nuage-de-sable-du-sahara-arrive-sur-la-bretagne-a-quoi-sattendre-6782444.php\" target=\"_blank\" rel=\"noopener\">Des \u00e9pisodes dont la r\u00e9gion est coutumi\u00e8re<\/a>.<\/p>\n<p><img decoding=\"async\" src=\"https:\/\/www.europesays.com\/fr\/wp-content\/uploads\/2025\/08\/689ca094742e5eeb040b652b.1.jpeg\" width=\"480\" height=\"300\" class=\"web_golden_m\" loading=\"lazy\" alt=\"Le relev\u00e9 satellite du Centre europ\u00e9en pour les pr\u00e9visions m\u00e9t\u00e9orologiques (ECMWF), r\u00e9alis\u00e9 ce mercredi 13\u00a0ao\u00fbt, montre d\u2019importants taux de concentration dans les masses d\u2019air sur le quart nord-ouest de la France.\"\/>Le relev\u00e9 satellite du Centre europ\u00e9en pour les pr\u00e9visions m\u00e9t\u00e9orologiques (ECMWF), r\u00e9alis\u00e9 ce mercredi 13\u00a0ao\u00fbt, montre d\u2019importants taux de concentration dans les masses d\u2019air sur le quart nord-ouest de la France. (ECMWF)De la fum\u00e9e des incendies d\u2019Espagne et du Portugal<\/p>\n<p>Autre explication : l\u2019air rennais est aussi charg\u00e9 de la fum\u00e9e provoqu\u00e9e par les violents incendies en cours en Espagne et au Portugal. \u00ab Nous avions d\u00e9j\u00e0 eu des a\u00e9rosols venus des incendies du Canada il y a quelques jours mais ils sont pour le moment bloqu\u00e9s au-dessus de l\u2019Atlantique, poursuit Steven Tual. Cette fois, ce sont bien les fum\u00e9es du sud de l\u2019Europe qui nous parviennent. \u00bb<\/p>\n<p>L\u2019est de la Bretagne affiche par ailleurs des taux \u00e9lev\u00e9s de pollution \u00e0 l\u2019ozone, comme le montrent les relev\u00e9s d\u2019Air Breizh. \u00ab Son omnipr\u00e9sence dans l\u2019air en basse altitude peut aussi impacter la visibilit\u00e9 \u00bb, soul\u00e8ve le m\u00e9t\u00e9orologue. Tout comme le l\u00e9ger \u00e9pisode de brume qui touche en ce moment la r\u00e9gion, quatri\u00e8me facteur concourant \u00e0 cette atmosph\u00e8re digne d\u2019une fin du monde\u2026 Qui devrait cependant laisser place \u00e0 un grand soleil d\u00e8s jeudi, avant un week-end particuli\u00e8rement chaud. M\u00e9t\u00e9o France pr\u00e9voit jusqu\u2019\u00e0 37 degr\u00e9s \u00e0 Rennes dans la journ\u00e9e de samedi.<\/p>\n","protected":false},"excerpt":{"rendered":"Alors qu\u2019une nouvelle vague de chaleur s\u2019avance vers la Bretagne, l\u2019ambiance est pour le moment morose sur Rennes&hellip;\n","protected":false},"author":2,"featured_media":316476,"comment_status":"","ping_status":"","sticky":false,"template":"","format":"standard","meta":{"footnotes":""},"categories":[2821],"tags":[1111,11,829,765,1777,674,1011,27,848,21570,12,584,25],"class_list":{"0":"post-316475","1":"post","2":"type-post","3":"status-publish","4":"format-standard","5":"has-post-thumbnail","7":"category-rennes","8":"tag-actu","9":"tag-actualites","10":"tag-bretagne","11":"tag-en-continu","12":"tag-eu","13":"tag-europe","14":"tag-fr","15":"tag-france","16":"tag-ille-et-vilaine","17":"tag-meteo-en-bretagne","18":"tag-news","19":"tag-rennes","20":"tag-republique-francaise"},"share_on_mastodon":{"url":"https:\/\/pubeurope.com\/@fr\/115022011190407822","error":""},"_links":{"self":[{"href":"https:\/\/www.europesays.com\/fr\/wp-json\/wp\/v2\/posts\/316475","targetHints":{"allow":["GET"]}}],"collection":[{"href":"https:\/\/www.europesays.com\/fr\/wp-json\/wp\/v2\/posts"}],"about":[{"href":"https:\/\/www.europesays.com\/fr\/wp-json\/wp\/v2\/types\/post"}],"author":[{"embeddable":true,"href":"https:\/\/www.europesays.com\/fr\/wp-json\/wp\/v2\/users\/2"}],"replies":[{"embeddable":true,"href":"https:\/\/www.europesays.com\/fr\/wp-json\/wp\/v2\/comments?post=316475"}],"version-history":[{"count":0,"href":"https:\/\/www.europesays.com\/fr\/wp-json\/wp\/v2\/posts\/316475\/revisions"}],"wp:featuredmedia":[{"embeddable":true,"href":"https:\/\/www.europesays.com\/fr\/wp-json\/wp\/v2\/media\/316476"}],"wp:attachment":[{"href":"https:\/\/www.europesays.com\/fr\/wp-json\/wp\/v2\/media?parent=316475"}],"wp:term":[{"taxonomy":"category","embeddable":true,"href":"https:\/\/www.europesays.com\/fr\/wp-json\/wp\/v2\/categories?post=316475"},{"taxonomy":"post_tag","embeddable":true,"href":"https:\/\/www.europesays.com\/fr\/wp-json\/wp\/v2\/tags?post=316475"}],"curies":[{"name":"wp","href":"https:\/\/api.w.org\/{rel}","templated":true}]}}