{"id":316477,"date":"2025-08-13T14:49:28","date_gmt":"2025-08-13T14:49:28","guid":{"rendered":"https:\/\/www.europesays.com\/fr\/316477\/"},"modified":"2025-08-13T14:49:28","modified_gmt":"2025-08-13T14:49:28","slug":"rennes-grille-la-priorite-a-nice-pour-un-milieu-de-terrain-france-stade-rennais","status":"publish","type":"post","link":"https:\/\/www.europesays.com\/fr\/316477\/","title":{"rendered":"Rennes grille la priorit\u00e9 \u00e0 Nice pour un milieu de terrain &#8211; France &#8211; Stade rennais"},"content":{"rendered":"<p>Sale soir\u00e9e pour Nice.<\/p>\n<p>Il \u00e9tait \u00e0 \u00e7a de quitter le soleil breton pour celui de la C\u00f4te d\u2019Azur. Finalement, Mahdi Camara risque de rester un peu plus longtemps sur le massif armoricain. <strong>Le milieu du Stade brestois devrait s\u2019engager avec le Stade rennais dans les prochaine heures<\/strong>, selon les informations de <a target=\"_blank\" href=\"https:\/\/rmcsport.bfmtv.com\/football\/ligue-1\/transferts\/mercato-gros-retournement-de-situation-pour-mahdi-camara-qui-devrait-finalement-signer-a-rennes_AV-202508120547.html\" rel=\"nofollow noopener\">RMC Sport<\/a> que So Foot est en mesure de confirmer.<\/p>\n<p>L\u2019OGC Nice \u00e9tait pourtant en discussions avanc\u00e9es avec le joueur, mais le forcing des dirigeants rennais et les conditions financi\u00e8res ont fait pencher la balance en faveur des Rouge et Noir.<\/p>\n<p>Un milieu de terrain bien garni \u00e0 Rennes<\/p>\n<p>Mahdi Camara s\u2019est mis d\u2019accord avec le (nouveau) club breton pour un contrat de quatre ans. \u00c0 27 ans, <strong>l\u2019ancien St\u00e9phanois aux 182 apparitions en Ligue 1<\/strong> est donc parti pour rester dans notre beau championnat fran\u00e7ais. Arriv\u00e9 \u00e0 Brest en 2022, il est devenu un cadre du vestiaire brestois au fil des saisons.<\/p>\n<p>Il va venir renforcer un milieu de terrain d\u00e9j\u00e0 bien garni \u00e0 Rennes, avec Valentin Rongier, Seko Fofana ou encore Djaoui Ciss\u00e9. Sans oublier Fabian Rieder, toujours pr\u00e9sent au club, ou encore Jordan James, qui pourrait prendre la direction de Parme, comme annonc\u00e9 par Ouest-France, d\u2019ici la fin du mercato. Le chantier reste en revanche entier dans le secteur offensif, o\u00f9 le Stade rennais esp\u00e8re deux renforts, alors qu\u2019Arnaud Kalimuendo est encore et toujours sur le d\u00e9part, \u00e0 condition de recevoir une offre concr\u00e8te.<\/p>\n<p>Une vingtaine de d\u00e9parts en un seul \u00e9t\u00e9, c\u2019est ce qu\u2019on appelle une belle op\u00e9ration d\u00e9graissage.<\/p>\n<p>\t\t\t\t\t\t\t\t\t\t<a class=\"lien-connexe\" href=\"https:\/\/www.sofoot.com\/breves\/rennes-om-et-nantes-psg-on-connait-les-affiches-de-la-premiere-journee-de-ligue-1\" rel=\"nofollow noopener\" target=\"_blank\">D\u00e9couvrez les affiches de la premi\u00e8re journ\u00e9e de Ligue 1<\/a>\t\t\t\t\t<\/p>\n","protected":false},"excerpt":{"rendered":"Sale soir\u00e9e pour Nice. Il \u00e9tait \u00e0 \u00e7a de quitter le soleil breton pour celui de la C\u00f4te&hellip;\n","protected":false},"author":2,"featured_media":316478,"comment_status":"","ping_status":"","sticky":false,"template":"","format":"standard","meta":{"footnotes":""},"categories":[2821],"tags":[1111,47,11,61,829,69,65,64,1777,674,63,1011,27,68,66,12,62,70,584,25,67],"class_list":{"0":"post-316477","1":"post","2":"type-post","3":"status-publish","4":"format-standard","5":"has-post-thumbnail","7":"category-rennes","8":"tag-actu","9":"tag-actualite","10":"tag-actualites","11":"tag-actus-football","12":"tag-bretagne","13":"tag-bundesliga","14":"tag-championnats-europeens","15":"tag-equipe-de-france","16":"tag-eu","17":"tag-europe","18":"tag-football","19":"tag-fr","20":"tag-france","21":"tag-ligua","22":"tag-ligue-1","23":"tag-news","24":"tag-news-foot","25":"tag-premier-league","26":"tag-rennes","27":"tag-republique-francaise","28":"tag-serie-a"},"share_on_mastodon":{"url":"https:\/\/pubeurope.com\/@fr\/115022015073951586","error":""},"_links":{"self":[{"href":"https:\/\/www.europesays.com\/fr\/wp-json\/wp\/v2\/posts\/316477","targetHints":{"allow":["GET"]}}],"collection":[{"href":"https:\/\/www.europesays.com\/fr\/wp-json\/wp\/v2\/posts"}],"about":[{"href":"https:\/\/www.europesays.com\/fr\/wp-json\/wp\/v2\/types\/post"}],"author":[{"embeddable":true,"href":"https:\/\/www.europesays.com\/fr\/wp-json\/wp\/v2\/users\/2"}],"replies":[{"embeddable":true,"href":"https:\/\/www.europesays.com\/fr\/wp-json\/wp\/v2\/comments?post=316477"}],"version-history":[{"count":0,"href":"https:\/\/www.europesays.com\/fr\/wp-json\/wp\/v2\/posts\/316477\/revisions"}],"wp:featuredmedia":[{"embeddable":true,"href":"https:\/\/www.europesays.com\/fr\/wp-json\/wp\/v2\/media\/316478"}],"wp:attachment":[{"href":"https:\/\/www.europesays.com\/fr\/wp-json\/wp\/v2\/media?parent=316477"}],"wp:term":[{"taxonomy":"category","embeddable":true,"href":"https:\/\/www.europesays.com\/fr\/wp-json\/wp\/v2\/categories?post=316477"},{"taxonomy":"post_tag","embeddable":true,"href":"https:\/\/www.europesays.com\/fr\/wp-json\/wp\/v2\/tags?post=316477"}],"curies":[{"name":"wp","href":"https:\/\/api.w.org\/{rel}","templated":true}]}}