{"id":316479,"date":"2025-08-13T14:50:13","date_gmt":"2025-08-13T14:50:13","guid":{"rendered":"https:\/\/www.europesays.com\/fr\/316479\/"},"modified":"2025-08-13T14:50:13","modified_gmt":"2025-08-13T14:50:13","slug":"on-fait-quoi-ce-week-end-festival-de-techno-messti-guinguette-nos-idees-de-sorties-a-strasbourg-et-autour","status":"publish","type":"post","link":"https:\/\/www.europesays.com\/fr\/316479\/","title":{"rendered":"On fait quoi ce week-end. Festival de techno, messti, guinguette&#8230;nos id\u00e9es de sorties \u00e0 Strasbourg et autour"},"content":{"rendered":"<p>  Strasbourg : deux jours de techno crescendo au Bon Vieux Festival<\/p>\n<p>De la techno au hardcore, <a href=\"https:\/\/www.dna.fr\/culture-loisirs\/2025\/08\/07\/le-collectif-bon-vieux-temps-organise-son-premier-festival-de-techno-dans-un-stand-de-tir\" target=\"_blank\" rel=\"nofollow noopener\">le Bon Vieux Festival<\/a> installe une sc\u00e8ne unique pour des sets en continu de 120 \u00e0 200 BPM. Le collectif commence \u00e0 \u00eatre un habitu\u00e9 des soir\u00e9es \u00e0 Strasbourg et vient avec cinq DJ maison sur les quinze artistes qui vont se produire. L\u2019id\u00e9e est de proposer un large choix dans les styles de techno pour satisfaire le plus grand nombre et initier certains festivaliers \u00e0 de nouveaux genres.<\/p>\n<p>Les membres du collectif Bon Vieux Temps imaginent et fabriquent tout eux-m\u00eames, de la d\u00e9co du lieu \u00e0 la programmation musicale. Ils pr\u00e9voient une ambiance bienveillante et qui leur ressemble, \u00e0 l\u2019instar de la d\u00e9co autour de la sc\u00e8ne. Les festivaliers pourront profiter d\u2019un lieu ombrag\u00e9 avec de quoi se restaurer, un coin chill et des stands d\u2018artistes et artisans locaux. Le tout \u00e0 dix minutes \u00e0 pied de la gare. Les billets sont d\u00e9j\u00e0 r\u00e9servables en ligne mais sont aussi disponibles sur place.<\/p>\n<p class=\"note\">Bon Vieux Festival, les vendredi\u00a015 et samedi 16\u00a0ao\u00fbt de 14\u00a0h \u00e0 22\u00a0h\u00a030, au centre de loisirs, 25 rue de Koenigshoffen, Strasbourg. 8\u00a0\u20ac un jour\/14\u00a0\u20ac pour deux jours. Billetterie en ligne\u00a0: www.helloasso.com\/associations\/bon-vieux-temps<\/p>\n<p>  Strasbourg \u00a0: trompettes et orgue \u00e0 Saint-Pierre-le-Jeune<\/p>\n<p>Ce vendredi 15\u00a0ao\u00fbt, grand orgue et trompettes s\u2019allieront pour le concert \u201cSplendeur des cuivres\u201d \u00e0 l\u2019\u00e9glise coll\u00e9giale Saint-Pierre-le-Jeune.<\/p>\n<p>Roselyne Koeniguer, organiste titulaire de Saint-Pierre-le-Jeune, et les trompettistes Fr\u00e9d\u00e9ric Schiel et Fabrice Wigishoff sont les trois complices en musique qui donneront ce concert autour du r\u00e9pertoire baroque.<\/p>\n<p>Form\u00e9e au Conservatoire national de r\u00e9gion de Strasbourg,\u00a0 Roselyne Koeniguer joue r\u00e9guli\u00e8rement avec <a href=\"https:\/\/www.dna.fr\/culture-loisirs\/2025\/06\/05\/dans-la-saison-2025-2026-de-l-orchestre-philharmonique-de-strasbourg\" target=\"_blank\" rel=\"nofollow noopener\">l\u2019Orchestre philharmonique de Strasbourg<\/a>. Depuis 2008, elle est r\u00e9p\u00e9titrice accompagnatrice des Petits Chanteurs de Strasbourg.<\/p>\n<p>Fr\u00e9d\u00e9ric Schiel suit des \u00e9tudes de musique au Conservatoire de Strasbourg o\u00f9 il obtient une m\u00e9daille d\u2019or en 1997. Actuellement cornet solo \u00e0 l\u2019Orchestre des gardiens de la paix de Paris, il est r\u00e9guli\u00e8rement amen\u00e9 \u00e0 jouer au sein de formations telles que l\u2019OPS ou l\u2019Orchestre national de Lille.<\/p>\n<p>Fabrice Wigishoff \u00e9tudie au Conservatoire national de r\u00e9gion de Strasbourg puis au Conservatoire national sup\u00e9rieur de musique de Paris. Il se produit r\u00e9guli\u00e8rement avec l\u2019OPS ou l\u2019orchestre de l\u2019Op\u00e9ra de Paris.<\/p>\n<p class=\"note\">Concert Splendeur des cuivres, ce vendredi 15\u00a0ao\u00fbt \u00e0 20\u200ah, en l\u2019\u00e9glise Saint-Pierre-le-Jeune. \u00c0 18\u200ah\u200a30, Damien Finck proposera une visite guid\u00e9e sur le th\u00e8me de la restauration de l\u2019\u00e9difice par Carl Schaeffer. Entr\u00e9e libre, plateau pour les deux \u00e9v\u00e9nements.<\/p>\n<p>  Strasbourg \u00a0: march\u00e9 nocturne des cr\u00e9ateurs au Wagon Souk<\/p>\n<p>Le Wagon Souk, tiers-lieu install\u00e9 rue du Rempart, accueille ce vendredi 15 ao\u00fbt un march\u00e9 nocturne des cr\u00e9ateurs de 18\u00a0h \u00e0 4\u00a0h du matin.<\/p>\n<p>Les stands proposeront bijoux, illustrations, d\u00e9corations et accessoires au son du DJ Paul-Tidiane Okimba. De la petite restauration sera propos\u00e9e sur place. Entr\u00e9e libre.<\/p>\n","protected":false},"excerpt":{"rendered":"Strasbourg : deux jours de techno crescendo au Bon Vieux Festival De la techno au hardcore, le Bon&hellip;\n","protected":false},"author":2,"featured_media":316480,"comment_status":"","ping_status":"","sticky":false,"template":"","format":"standard","meta":{"footnotes":""},"categories":[2820],"tags":[1111,11,1687,2880,27337,1777,674,107,1011,27,775,2089,873,12,4043,25,953,640,2879],"class_list":{"0":"post-316479","1":"post","2":"type-post","3":"status-publish","4":"format-standard","5":"has-post-thumbnail","7":"category-strasbourg","8":"tag-actu","9":"tag-actualites","10":"tag-culture-loisirs","11":"tag-edition-strasbourg","12":"tag-estivales","13":"tag-eu","14":"tag-europe","15":"tag-fil-info","16":"tag-fr","17":"tag-france","18":"tag-grand-est","19":"tag-marche","20":"tag-musique","21":"tag-news","22":"tag-repas-et-the-dansant","23":"tag-republique-francaise","24":"tag-soiree","25":"tag-strasbourg","26":"tag-strasbourg-ville"},"share_on_mastodon":{"url":"https:\/\/pubeurope.com\/@fr\/115022018920603828","error":""},"_links":{"self":[{"href":"https:\/\/www.europesays.com\/fr\/wp-json\/wp\/v2\/posts\/316479","targetHints":{"allow":["GET"]}}],"collection":[{"href":"https:\/\/www.europesays.com\/fr\/wp-json\/wp\/v2\/posts"}],"about":[{"href":"https:\/\/www.europesays.com\/fr\/wp-json\/wp\/v2\/types\/post"}],"author":[{"embeddable":true,"href":"https:\/\/www.europesays.com\/fr\/wp-json\/wp\/v2\/users\/2"}],"replies":[{"embeddable":true,"href":"https:\/\/www.europesays.com\/fr\/wp-json\/wp\/v2\/comments?post=316479"}],"version-history":[{"count":0,"href":"https:\/\/www.europesays.com\/fr\/wp-json\/wp\/v2\/posts\/316479\/revisions"}],"wp:featuredmedia":[{"embeddable":true,"href":"https:\/\/www.europesays.com\/fr\/wp-json\/wp\/v2\/media\/316480"}],"wp:attachment":[{"href":"https:\/\/www.europesays.com\/fr\/wp-json\/wp\/v2\/media?parent=316479"}],"wp:term":[{"taxonomy":"category","embeddable":true,"href":"https:\/\/www.europesays.com\/fr\/wp-json\/wp\/v2\/categories?post=316479"},{"taxonomy":"post_tag","embeddable":true,"href":"https:\/\/www.europesays.com\/fr\/wp-json\/wp\/v2\/tags?post=316479"}],"curies":[{"name":"wp","href":"https:\/\/api.w.org\/{rel}","templated":true}]}}