{"id":316481,"date":"2025-08-13T14:51:13","date_gmt":"2025-08-13T14:51:13","guid":{"rendered":"https:\/\/www.europesays.com\/fr\/316481\/"},"modified":"2025-08-13T14:51:13","modified_gmt":"2025-08-13T14:51:13","slug":"le-casse-tete-de-metz-avec-ses-ultras-pour-le-match-contre-strasbourg","status":"publish","type":"post","link":"https:\/\/www.europesays.com\/fr\/316481\/","title":{"rendered":"le casse-t\u00eate de Metz avec ses ultras pour le match contre Strasbourg"},"content":{"rendered":"<p>Pour le retour de Metz en Ligue 1, deux espaces du stade Saint-Symphorien seront ferm\u00e9s ce dimanche pour la r\u00e9ception des voisins de Strasbourg. Mais le FCM a trouv\u00e9 une solution pour ne pas se priver de ses principaux groupes d&rsquo;ultras.<\/p>\n<p>Le <a href=\"https:\/\/rmcsport.bfmtv.com\/football\/ligue-1\/metz-strasbourg-a-quelle-heure-et-sur-quelle-chaine-regarder-le-match-de-ligue-1-en-direct_AN-202508130349.html\" title=\"Metz - Strasbourg : \u00e0 quelle heure et sur quelle cha\u00eene regarder le match de Ligue 1 en direct ?\" class=\"internal_link\" rel=\"nofollow noopener\" target=\"_blank\">FC Metz retrouve la L1<\/a> par une affiche ce dimanche (17h15): la rencontre \u00e0 domicile contre Strasbourg que le club consid\u00e8re comme le derby du Grand-Est. Ce devait \u00eatre une f\u00eate &#8211; et \u00e7a le sera s\u00fbrement &#8211; mais le club mosellan fait face \u00e0 une situation compliqu\u00e9e concernant la gestion de ses ultras.<\/p>\n<p>Car les deux principaux groupes de supporters, plac\u00e9s dans les deux virages, ont \u00e9t\u00e9 sanctionn\u00e9s pour usage massif d&rsquo;engins pyrotechniques lors du dernier match \u00e0 domicile, le pr\u00e9-barrage contre Dunkerque. R\u00e9sultat: la commission de discipline de la LFP a ferm\u00e9 les espaces des deux groupes dans leurs tribunes respectives.<\/p>\n<p>Un replacement en tribune Haute<\/p>\n<p>Le club a souhait\u00e9 travailler pour que les ultras puissent tout de m\u00eame \u00eatre au stade pour assurer l&rsquo;ambiance. Apr\u00e8s discussions avec la pr\u00e9fecture de la Moselle, les membres des deux groupes (Horda Fr\u00e9n\u00e9tik et la Gruppa Metz) seront replac\u00e9s en tribune Haute, soit en haut d&rsquo;un virage \u00ab\u00a0pour des raisons d&rsquo;ordre public et de s\u00e9curit\u00e9\u00a0\u00bb. Et sp\u00e9cifiquement en haut du virage Ouest, car celui d&rsquo;en face accueille, dans un coin, le parcage avec 700 supporters strasbourgeois.<\/p>\n<p>En attendant, certains supporters qui avaient d\u00e9j\u00e0 pris leur place dans cette tribune Ouest Haute se sont vu annuler et rembourser leurs tickets suite \u00e0 ce replacement.<\/p>\n","protected":false},"excerpt":{"rendered":"Pour le retour de Metz en Ligue 1, deux espaces du stade Saint-Symphorien seront ferm\u00e9s ce dimanche pour&hellip;\n","protected":false},"author":2,"featured_media":316482,"comment_status":"","ping_status":"","sticky":false,"template":"","format":"standard","meta":{"footnotes":""},"categories":[2820],"tags":[1111,11,1777,674,1011,27,775,12,25,640],"class_list":{"0":"post-316481","1":"post","2":"type-post","3":"status-publish","4":"format-standard","5":"has-post-thumbnail","7":"category-strasbourg","8":"tag-actu","9":"tag-actualites","10":"tag-eu","11":"tag-europe","12":"tag-fr","13":"tag-france","14":"tag-grand-est","15":"tag-news","16":"tag-republique-francaise","17":"tag-strasbourg"},"share_on_mastodon":{"url":"https:\/\/pubeurope.com\/@fr\/115022022867087961","error":""},"_links":{"self":[{"href":"https:\/\/www.europesays.com\/fr\/wp-json\/wp\/v2\/posts\/316481","targetHints":{"allow":["GET"]}}],"collection":[{"href":"https:\/\/www.europesays.com\/fr\/wp-json\/wp\/v2\/posts"}],"about":[{"href":"https:\/\/www.europesays.com\/fr\/wp-json\/wp\/v2\/types\/post"}],"author":[{"embeddable":true,"href":"https:\/\/www.europesays.com\/fr\/wp-json\/wp\/v2\/users\/2"}],"replies":[{"embeddable":true,"href":"https:\/\/www.europesays.com\/fr\/wp-json\/wp\/v2\/comments?post=316481"}],"version-history":[{"count":0,"href":"https:\/\/www.europesays.com\/fr\/wp-json\/wp\/v2\/posts\/316481\/revisions"}],"wp:featuredmedia":[{"embeddable":true,"href":"https:\/\/www.europesays.com\/fr\/wp-json\/wp\/v2\/media\/316482"}],"wp:attachment":[{"href":"https:\/\/www.europesays.com\/fr\/wp-json\/wp\/v2\/media?parent=316481"}],"wp:term":[{"taxonomy":"category","embeddable":true,"href":"https:\/\/www.europesays.com\/fr\/wp-json\/wp\/v2\/categories?post=316481"},{"taxonomy":"post_tag","embeddable":true,"href":"https:\/\/www.europesays.com\/fr\/wp-json\/wp\/v2\/tags?post=316481"}],"curies":[{"name":"wp","href":"https:\/\/api.w.org\/{rel}","templated":true}]}}