{"id":316489,"date":"2025-08-13T14:55:20","date_gmt":"2025-08-13T14:55:20","guid":{"rendered":"https:\/\/www.europesays.com\/fr\/316489\/"},"modified":"2025-08-13T14:55:20","modified_gmt":"2025-08-13T14:55:20","slug":"nantes-accueille-des-chefs%e2%80%91doeuvre-rares-du-maitre-japonais-hokusai","status":"publish","type":"post","link":"https:\/\/www.europesays.com\/fr\/316489\/","title":{"rendered":"Nantes accueille des chefs\u2011d\u2019\u0153uvre rares du ma\u00eetre japonais Hokusai"},"content":{"rendered":"<p><strong>CRITIQUE &#8211;<\/strong> Les tr\u00e9sors du mus\u00e9e japonais d\u2019Obuse s\u2019invitent au ch\u00e2teau des Ducs de Bretagne. L\u2019occasion de d\u00e9couvrir des peintures r\u00e9alis\u00e9es au soir de la vie du ma\u00eetre.<\/p>\n<p class=\"fig-paragraph\">Le prince de l\u2019ukiyo-e &#8211; l\u2019estampe japonaise &#8211; est de retour en France. Dix ans apr\u00e8s\u00a0<a href=\"https:\/\/www.lefigaro.fr\/arts-expositions\/2014\/09\/30\/03015-20140930ARTFIG00029-hokusai-le-picasso-de-l-ere-edo.php\" target=\"_blank\" data-fig-type=\"Article\" rel=\"noopener\" data-gtm-custom-categorie=\"navigation\" data-gtm-custom-action=\"crossclick\" data-gtm-custom-label=\"Contextuel\" data-gtm-event=\"customEventSPE\" data-fig-domain=\"LEFIGARO\">la monographie historique du Grand Palais<\/a>\u00a0consacr\u00e9e \u00e0\u00a0<a href=\"http:\/\/www.lefigaro.fr\/arts-expositions\/le-british-museum-acquiert-103-dessins-d-hokusai-perdus-depuis-1948-20200904\" target=\"_blank\" data-fig-type=\"Article\" rel=\"noopener\" data-gtm-custom-categorie=\"navigation\" data-gtm-custom-action=\"crossclick\" data-gtm-custom-label=\"Contextuel\" data-gtm-event=\"customEventSPE\" data-fig-domain=\"LEFIGARO\">Hokusai (1760-1849)<\/a>, \u00ab\u00a0le vieillard fou de dessin\u00a0\u00bb a pos\u00e9 ses malles et ses cartons\u00a0<a href=\"https:\/\/www.lefigaro.fr\/nantes\" target=\"_blank\" data-fig-type=\"Section\" rel=\"sponsored noopener\" data-gtm-custom-categorie=\"navigation\" data-gtm-custom-action=\"crossclick\" data-gtm-custom-label=\"Contextuel\" data-gtm-event=\"customEventSPE\" data-fig-domain=\"LEFIGARO\">\u00e0 Nantes<\/a>. Pr\u00e9sent\u00e9e jusqu\u2019au 7\u00a0septembre derri\u00e8re les remparts du ch\u00e2teau des Ducs de Bretagne, une savoureuse exposition ordonne 160\u00a0\u0153uvres autour de pr\u00eats extraordinaires du mus\u00e9e Hokusai-kan d\u2019Obuse, dans les Alpes nippones. La petite ville, situ\u00e9e dans l\u2019arri\u00e8re-pays de l\u2019\u00eele de Honshu, pr\u00e8s de Nagano, a accueilli \u00e0 quatre reprises l\u2019illustre artiste entre 1842 et 1848 et conserve aujourd\u2019hui plusieurs chefs-d\u2019\u0153uvre de ses derni\u00e8res ann\u00e9es, dont d\u2019\u00e9loquentes s\u00e9ries de peintures. Autant de p\u00e9pites m\u00e9connues, trop rarement aper\u00e7ues hors des pages des catalogues.<\/p>\n<p class=\"fig-paragraph\">Que les profanes soient d\u2019embl\u00e9e rassur\u00e9s. Les classiques sont bien pr\u00e9sents, agenc\u00e9s par th\u00e8mes. L\u2019iconique\u00a0<a href=\"https:\/\/www.lefigaro.fr\/sciences\/2019\/01\/24\/01008-20190124ARTFIG00190-reproduite-par-hasard-en-laboratoire-la-vague-d-hokusai-etait-bien-scelerate.php\" target=\"_blank\" data-fig-type=\"Article\" rel=\"noopener\" data-gtm-custom-categorie=\"navigation\" data-gtm-custom-action=\"crossclick\" data-gtm-custom-label=\"Contextuel\" data-gtm-event=\"customEventSPE\" data-fig-domain=\"LEFIGARO\">Grande Vague de Kanagawa (1831)<\/a>\u00a0pointe vite le bout de son \u00e9cume. Les s\u00e9ries des 36\u00a0vues du\u2026<\/p>\n<p class=\"fig-premium-paywall__infos\">\n        Cet article est r\u00e9serv\u00e9 aux abonn\u00e9s.        Il vous reste 80% \u00e0 d\u00e9couvrir.\n    <\/p>\n<p>                <img  data- alt=\"Le Figaro\" class=\"fig-img--complete fig-img\"\/><\/p>\n<p class=\"fig-premium-paywall__title\">Vente Flash<\/p>\n<p class=\"fig-premium-paywall__subtitle\">4,99\u20ac par mois pendant 12 mois. Sans engagement<\/p>\n<p class=\"fig-premium-paywall__connect\">\n                D\u00e9j\u00e0 abonn\u00e9\u00a0?                <a class=\"fig-premium-paywall__connect-link\" href=\"https:\/\/connect.lefigaro.fr\/login?client=horizon_web&amp;type=main&amp;redirect_uri=https%3A%2F%2Fwww.lefigaro.fr%2Fnantes%2Fexposition-nantes-accueille-des-chefs-d-oeuvre-rares-du-maitre-japonais-hokusai-20250813\" data-js-gtm=\"{&quot;customCategorie&quot;: &quot;conversion&quot;, &quot;customAction&quot;: &quot;before_Landing_Connexion_paywall_auto&quot;, &quot;customLabel&quot;: &quot;bGVmaWdhcm8uZnJfXzFmMDZiY2IyLTRjMzUtNjY1Yy05YTZlLWUxODAyZjFiZWJmYl9fTmV3c0ZsYXNo_Exposition\u00a0: Nantes accueille des chefs\u2011d\u2019\u0153uvre rares du ma\u00eetre japonais Hokusai_200&quot;, &quot;customIDSPE&quot;: &quot;bGVmaWdhcm8uZnJfXzFmMDZiY2IyLTRjMzUtNjY1Yy05YTZlLWUxODAyZjFiZWJmYl9fTmV3c0ZsYXNo&quot;, &quot;event&quot;: &quot;customEventSPE&quot;}\" target=\"_blank\" rel=\"noopener\"><br \/>\n                    Connectez-vous<br \/>\n                <\/a>\n            <\/p>\n","protected":false},"excerpt":{"rendered":"CRITIQUE &#8211; Les tr\u00e9sors du mus\u00e9e japonais d\u2019Obuse s\u2019invitent au ch\u00e2teau des Ducs de Bretagne. L\u2019occasion de d\u00e9couvrir&hellip;\n","protected":false},"author":2,"featured_media":316490,"comment_status":"","ping_status":"","sticky":false,"template":"","format":"standard","meta":{"footnotes":""},"categories":[2818],"tags":[1111,11,3734,1777,674,1011,27,18699,2070,766,12,2636,1585,25],"class_list":{"0":"post-316489","1":"post","2":"type-post","3":"status-publish","4":"format-standard","5":"has-post-thumbnail","7":"category-nantes","8":"tag-actu","9":"tag-actualites","10":"tag-art","11":"tag-eu","12":"tag-europe","13":"tag-fr","14":"tag-france","15":"tag-hokusai","16":"tag-japon","17":"tag-nantes","18":"tag-news","19":"tag-pays-de-la-loire","20":"tag-peinture","21":"tag-republique-francaise"},"share_on_mastodon":{"url":"https:\/\/pubeurope.com\/@fr\/115022038581815097","error":""},"_links":{"self":[{"href":"https:\/\/www.europesays.com\/fr\/wp-json\/wp\/v2\/posts\/316489","targetHints":{"allow":["GET"]}}],"collection":[{"href":"https:\/\/www.europesays.com\/fr\/wp-json\/wp\/v2\/posts"}],"about":[{"href":"https:\/\/www.europesays.com\/fr\/wp-json\/wp\/v2\/types\/post"}],"author":[{"embeddable":true,"href":"https:\/\/www.europesays.com\/fr\/wp-json\/wp\/v2\/users\/2"}],"replies":[{"embeddable":true,"href":"https:\/\/www.europesays.com\/fr\/wp-json\/wp\/v2\/comments?post=316489"}],"version-history":[{"count":0,"href":"https:\/\/www.europesays.com\/fr\/wp-json\/wp\/v2\/posts\/316489\/revisions"}],"wp:featuredmedia":[{"embeddable":true,"href":"https:\/\/www.europesays.com\/fr\/wp-json\/wp\/v2\/media\/316490"}],"wp:attachment":[{"href":"https:\/\/www.europesays.com\/fr\/wp-json\/wp\/v2\/media?parent=316489"}],"wp:term":[{"taxonomy":"category","embeddable":true,"href":"https:\/\/www.europesays.com\/fr\/wp-json\/wp\/v2\/categories?post=316489"},{"taxonomy":"post_tag","embeddable":true,"href":"https:\/\/www.europesays.com\/fr\/wp-json\/wp\/v2\/tags?post=316489"}],"curies":[{"name":"wp","href":"https:\/\/api.w.org\/{rel}","templated":true}]}}