{"id":316493,"date":"2025-08-13T14:57:10","date_gmt":"2025-08-13T14:57:10","guid":{"rendered":"https:\/\/www.europesays.com\/fr\/316493\/"},"modified":"2025-08-13T14:57:10","modified_gmt":"2025-08-13T14:57:10","slug":"zoom-sur-les-temps-forts-du-festival-relache-cette-semaine-a-bordeaux","status":"publish","type":"post","link":"https:\/\/www.europesays.com\/fr\/316493\/","title":{"rendered":"zoom sur les temps forts du festival Rel\u00e2che cette semaine \u00e0 Bordeaux"},"content":{"rendered":"<p>            Par<br \/>\n        <strong><br \/>\n            <a href=\"https:\/\/actu.fr\/auteur\/charlotte-lesprit\" title=\"Consulter tous les articles de Charlotte Lesprit\" rel=\"nofollow noopener\" target=\"_blank\">Charlotte Lesprit<\/a><br \/>\n        <\/strong><\/p>\n<p>        Publi\u00e9 le<\/p>\n<p>            13 ao\u00fbt 2025 \u00e0 16h32        <\/p>\n<p>Rel\u00e2che, le festival incontournable de l\u2019association <strong>Allez les filles<\/strong>, revient trois jours cette semaine au square Dom-Bedos, mercredi 13 et jeudi 14 ao\u00fbt, puis samedi 16 ao\u00fbt, pour trois soirs de concerts allant du rock au reggae.<\/p>\n<p class=\" wall-content\">Concerts, aux beaux jours \u00e0 Bordeaux, va de pair avec <a href=\"https:\/\/www.relache.fr\/relache\" rel=\"nofollow noopener\" target=\"_blank\">Rel\u00e2che<\/a> et souvent \u00e7a d\u00e9m\u00e9nage. La preuve ce <strong>mercredi 13\u00a0ao\u00fbt<\/strong> avec la venue des Am\u00e9ricains<strong> DIIV,<\/strong> un groupe de rock ind\u00e9pendant originaire de Brooklyn qui se rend en France uniquement pour deux dates cet \u00e9t\u00e9. Au programme\u2009? \u00ab\u2009<strong>Guitares planantes et voix \u00e9th\u00e9r\u00e9e<\/strong> pour un voyage onirique entre krautrock (NDLR, mouvement du rock progressif, exp\u00e9rimental et psych\u00e9d\u00e9lique allemand n\u00e9 \u00e0 la fin des ann\u00e9es 1960), <a href=\"https:\/\/actu.fr\/occitanie\/toulouse_31555\/il-y-a-30-ans-nirvana-donnait-l-un-de-ses-ultimes-concerts-a-toulouse-un-fan-se-souvient_61638679.html\" rel=\"nofollow noopener\" target=\"_blank\">Nirvana<\/a> et dream pop.\u2009\u00bb<\/p>\n<p>La sc\u00e8ne locale bordelaise mise en avant\u00a0<\/p>\n<p class=\" wall-content\">Autres formations invit\u00e9es sur la sc\u00e8ne du square Dom-Bedos\u2009: <strong>Stuffed Foxes <\/strong>et <strong>Cosmopaark<\/strong>. Les deux groupes sont fran\u00e7ais. Le premier est compos\u00e9 de \u00ab\u2009six musiciens pour un rituel hypnotique entre My Bloody Valentine, Swans et Brian Jonestown Massacre\u2009\u00bb. Le second, bordelais, promet lui aussi des notes planantes et exp\u00e9rimentales.<\/p>\n<p class=\" wall-content\"><a href=\"https:\/\/www.instagram.com\/p\/DM21M4YqONI\/embed\" title=\"Ouvrir le lien sur Instagram\" rel=\"nofollow noopener\" target=\"_blank\">Visualiser le contenu sur Instagram<\/a><\/p>\n<p class=\" wall-content\">La soir\u00e9e du jeudi 14\u00a0ao\u00fbt sera plac\u00e9e sous le signe du reggae avec<strong> Third World<\/strong> en t\u00eate d\u2019affiche. Pionniers du genre depuis les ann\u00e9es 1970, les musiciens jama\u00efcains continuent de faire vibrer les sc\u00e8nes du monde entier avec leur \u00ab\u2009reggae fusion\u2009\u00bb\u2009: un m\u00e9lange de roots reggae, soul, funk, pop, rock, mais aussi d\u2019afrobeat, de dancehall et de rap. Un cocktail musical unique qui leur a valu une <strong>collaboration avec Damian Marley<\/strong> qui a produit leur 22e album Third World en 2019. Leurs tubes les plus connus\u2009: 96 Degrees in the Shade et Now That We\u2019ve Found Love.<\/p>\n<p class=\" wall-content\">Les amateurs de reggae pourront appr\u00e9cier la venue des Fran\u00e7ais <strong>Jim Murple Memorial<\/strong>, un groupe n\u00e9 \u00e0 Montreuil en Seine-Saint-Denis et dont la formation compte sept musiciens et une chanteuse. Au programme \u00e9galement, <strong>Wyman Low &amp; The Ravers<\/strong>, pour du reggae soul \u00e0 la bordelaise et un reggae aux influences afro, soul et br\u00e9siliennes.<\/p>\n<p class=\" wall-content\"><a href=\"https:\/\/www.instagram.com\/p\/DM2_-DkKFIF\/embed\" title=\"Ouvrir le lien sur Instagram\" rel=\"nofollow noopener\" target=\"_blank\">Visualiser le contenu sur Instagram<\/a><\/p>\n<p class=\" wall-content\">Enfin, samedi 16\u00a0ao\u00fbt, place \u00ab\u2009au chaos \u00e0 l\u2019australienne\u2009\u00bb avec <strong>Tropical F*ck Storm<\/strong>. \u00ab\u2009Un groupe culte et abrasif, entre tension post-punk, exp\u00e9rimentations bruitistes et textes acides.\u2009\u00bb Autre invit\u00e9 de la soir\u00e9e\u2009: <strong>Delivery<\/strong>, du garage punk venu de Melbourne qui promet aussi d\u2019offrir un joyeux bazar. L\u2019association Allez les filles continue de mettre en avant la sc\u00e8ne locale en invitant les Bordelais \u00c9quipe de foot. Loin des terrains, ces musiciens livrent un son puissant, \u00e0 mi-chemin entre rock incisif et pop \u00e9lectro.<\/p>\n<p class=\" wall-content\"><a href=\"https:\/\/www.instagram.com\/p\/DM5ypNIK-52\/embed\" title=\"Ouvrir le lien sur Instagram\" rel=\"nofollow noopener\" target=\"_blank\">Visualiser le contenu sur Instagram<\/a><\/p>\n<p class=\" wall-content\">Cet \u00e9t\u00e9, les prochaines dates bordelaises du festival Rel\u00e2che seront les 20, 21 et 22 ao\u00fbt mais encore les 27 et 28 ao\u00fbt.\u00a0<\/p>\n<p>Ouverture des portes \u00e0 19\u00a0heures.\u00a0Square Dom-Bedos, rue Jacques-D\u2019Welles \u00e0 Saint-Michel. Tarifs\u2009: 15\u00a0euros (carte Jeune et adh\u00e9rents Allez les filles) et 20\u00a0euros <a href=\"https:\/\/www.relache.fr\/relache\" rel=\"nofollow noopener\" target=\"_blank\">en pr\u00e9vente<\/a>.<\/p>\n<p class=\" wall-content\">Suivez toute l\u2019actualit\u00e9 de vos villes et m\u00e9dias favoris en vous inscrivant \u00e0 <a href=\"https:\/\/moncompte.actu.fr\" title=\"D\u00e9couvez Mon Actu\" rel=\"nofollow noopener\" data-trk=\"{&quot;cta&quot;:{&quot;action&quot;:&quot;https:\\\/\\\/moncompte.actu.fr&quot;,&quot;category&quot;:&quot;mon compte&quot;,&quot;from&quot;:&quot;article footer&quot;,&quot;name&quot;:&quot;Mon actu&quot;,&quot;type&quot;:&quot;cta&quot;}}\" target=\"_blank\">Mon Actu<\/a>.<\/p>\n<p>                    <script async src=\"\/\/www.instagram.com\/embed.js\"><\/script><\/p>\n","protected":false},"excerpt":{"rendered":"Par Charlotte Lesprit Publi\u00e9 le 13 ao\u00fbt 2025 \u00e0 16h32 Rel\u00e2che, le festival incontournable de l\u2019association Allez les&hellip;\n","protected":false},"author":2,"featured_media":316494,"comment_status":"","ping_status":"","sticky":false,"template":"","format":"standard","meta":{"footnotes":""},"categories":[2817],"tags":[1111,11,1997,1697,1777,674,1011,27,1652,873,12,2219,25],"class_list":{"0":"post-316493","1":"post","2":"type-post","3":"status-publish","4":"format-standard","5":"has-post-thumbnail","7":"category-bordeaux","8":"tag-actu","9":"tag-actualites","10":"tag-bordeaux","11":"tag-concert","12":"tag-eu","13":"tag-europe","14":"tag-fr","15":"tag-france","16":"tag-loisirs-culture","17":"tag-musique","18":"tag-news","19":"tag-nouvelle-aquitaine","20":"tag-republique-francaise"},"share_on_mastodon":{"url":"https:\/\/pubeurope.com\/@fr\/115022046470806434","error":""},"_links":{"self":[{"href":"https:\/\/www.europesays.com\/fr\/wp-json\/wp\/v2\/posts\/316493","targetHints":{"allow":["GET"]}}],"collection":[{"href":"https:\/\/www.europesays.com\/fr\/wp-json\/wp\/v2\/posts"}],"about":[{"href":"https:\/\/www.europesays.com\/fr\/wp-json\/wp\/v2\/types\/post"}],"author":[{"embeddable":true,"href":"https:\/\/www.europesays.com\/fr\/wp-json\/wp\/v2\/users\/2"}],"replies":[{"embeddable":true,"href":"https:\/\/www.europesays.com\/fr\/wp-json\/wp\/v2\/comments?post=316493"}],"version-history":[{"count":0,"href":"https:\/\/www.europesays.com\/fr\/wp-json\/wp\/v2\/posts\/316493\/revisions"}],"wp:featuredmedia":[{"embeddable":true,"href":"https:\/\/www.europesays.com\/fr\/wp-json\/wp\/v2\/media\/316494"}],"wp:attachment":[{"href":"https:\/\/www.europesays.com\/fr\/wp-json\/wp\/v2\/media?parent=316493"}],"wp:term":[{"taxonomy":"category","embeddable":true,"href":"https:\/\/www.europesays.com\/fr\/wp-json\/wp\/v2\/categories?post=316493"},{"taxonomy":"post_tag","embeddable":true,"href":"https:\/\/www.europesays.com\/fr\/wp-json\/wp\/v2\/tags?post=316493"}],"curies":[{"name":"wp","href":"https:\/\/api.w.org\/{rel}","templated":true}]}}