{"id":316495,"date":"2025-08-13T14:58:09","date_gmt":"2025-08-13T14:58:09","guid":{"rendered":"https:\/\/www.europesays.com\/fr\/316495\/"},"modified":"2025-08-13T14:58:09","modified_gmt":"2025-08-13T14:58:09","slug":"toulouse-malgre-la-canicule-pourquoi-tous-les-parcs-et-jardins-publics-de-la-ville-sont-fermes","status":"publish","type":"post","link":"https:\/\/www.europesays.com\/fr\/316495\/","title":{"rendered":"Toulouse. Malgr\u00e9 la canicule, pourquoi tous les parcs et jardins publics de la ville sont ferm\u00e9s\u00a0?"},"content":{"rendered":"<p>            Par<br \/>\n        <strong><br \/>\n            <a href=\"https:\/\/actu.fr\/auteur\/guillaume-laurens\" title=\"Consulter tous les articles de Guillaume Laurens\" target=\"_blank\" rel=\"noopener\">Guillaume Laurens<\/a><br \/>\n        <\/strong><\/p>\n<p>        Publi\u00e9 le<\/p>\n<p>            13 ao\u00fbt 2025 \u00e0 16h34        <\/p>\n<p>Peu apr\u00e8s avoir communiqu\u00e9 sur <a href=\"https:\/\/actu.fr\/occitanie\/toulouse_31555\/un-fort-episode-de-canicule-annonce-a-toulouse-l-alerte-orange-declenchee-en-haute-garonne_63007660.html\" target=\"_blank\" rel=\"noopener\">l\u2019extension de leurs horaires<\/a> pour \u00e9chapper aux <strong>fortes chaleurs<\/strong> en raison de la vigilance (rouge puis orange) \u00e0 la canicule, la mairie de <a href=\"https:\/\/actu.fr\/toulouse\/\" target=\"_blank\" rel=\"noopener\"><strong>Toulouse<\/strong> <\/a>annonce ce mercredi 13 ao\u00fbt 2025 la <strong>fermeture des parcs et jardins<\/strong> de la Ville rose, du fait de <strong>l\u2019alerte orange\u2026 aux orages, <\/strong>et des <strong>violentes rafales <\/strong>annonc\u00e9es.<\/p>\n<p>Des vents sup\u00e9rieurs \u00e0 80 km\/h<\/p>\n<p class=\" wall-content\">\u00ab\u00a0Les parcs et jardins de la ville seront ferm\u00e9s mercredi 13 ao\u00fbt en raison d\u2019une <strong>alerte m\u00e9t\u00e9o<\/strong> pour des <strong>vents sup\u00e9rieurs \u00e0 80 km\/h, <\/strong>et ce, \u00e0 partir de 15 heures\u00a0\u00bb, d\u00e9taille ainsi la mairie de Toulouse. Quelques-uns d\u2019entre eux avaient d\u00e9j\u00e0 ferm\u00e9 la veille \u00e0 21 heures au lieu de 23 heures, en raison de vents sup\u00e9rieurs \u00e0 60 km\/h, et la liste s\u2019est singuli\u00e8rement rallong\u00e9e ce mercredi.<\/p>\n<p>Quels sont les parcs et jardins concern\u00e9s ?<\/p>\n<p class=\" wall-content\">En raison de cette \u00ab\u00a0alerte m\u00e9t\u00e9o pour des vents sup\u00e9rieurs 80 km\/h\u00a0\u00bb, <strong>tous les parcs et jardins publics suivants<\/strong> sont ferm\u00e9s depuis 15 heures :<\/p>\n<ul class=\" wall-content\">\n<li>Jardin Abadie<\/li>\n<li>Jardin rue des Anges<\/li>\n<li>Jardin Maurice\u00a0B\u00e9canne<\/li>\n<li>Parc de la\u00a0Boisseraie\u00a0 (La Terrasse)<\/li>\n<li>Parc de\u00a0Bourrassol<\/li>\n<li>Jardin des Capucins<\/li>\n<li>Jardin\u00a0Cartailhac<\/li>\n<li>Jardin du Castelet<\/li>\n<li>Jardin de la piscine\u00a0Chapou<\/li>\n<li>Jardin Coll<\/li>\n<li>Jardin Compans-Caffarelli<\/li>\n<li>Jardin de la Coquille<\/li>\n<li>Jardin\u00a0Corraze<\/li>\n<li>Jardin d\u2019Embarthe<\/li>\n<li>Parc Fontaine-Lestang<\/li>\n<li>Jardin Gaspard<\/li>\n<li>Jardin\u00a0Giesper<\/li>\n<li>Jardin rue Godolin<\/li>\n<li>Jardin du Grand Rond \u2013 Boulingrin<\/li>\n<li>Jardin des Hauts de\u00a0Bonnefoy<\/li>\n<li>Parc Job<\/li>\n<li>Jardin Lapujade<\/li>\n<li>Parc F\u00e9lix\u00a0Lavit\u00a0(Roseraie)<\/li>\n<li>Jardin Pierre\u00a0Larrousse<\/li>\n<li>Parc de la Villa\u00a0M\u00e9ricant\u00a0(Roseraie)<\/li>\n<li>Jardin Michelet<\/li>\n<li>Espace bois\u00e9 de\u00a0Monlong<\/li>\n<li>Parc de\u00a0Monlong<\/li>\n<li>Jardin public Niel<\/li>\n<li>Jardin Claude\u00a0Nougaro<\/li>\n<li>Parc de l\u2019Observatoire (Roseraie)<\/li>\n<li>Parc\u00a0Ozenne<\/li>\n<li>Jardin du Pays d\u2019Oc<\/li>\n<li>Jardin du\u00a0Pech<\/li>\n<li>Jardin des Plantes<\/li>\n<li>Jardin de la Poudrerie (Empalot\u00a0\u2013 Ramier)<\/li>\n<li>Jardin Raimond VI<\/li>\n<li>Jardin Rangueil<\/li>\n<li>Parc du ch\u00e2teau de\u00a0Reynerie<\/li>\n<li>Parc\u00a0Reynerie<\/li>\n<li>Jardin Royal<\/li>\n<li>Jardin\u00a0Sacarin\u00a0(La Terrasse)<\/li>\n<li>Parc Sacr\u00e9-C\u0153ur (Rangueil\u00a0\u2013\u00a0Pech-David)<\/li>\n<li>Jardin Saint-Exup\u00e9ry\u00a0 (La Terrasse)<\/li>\n<li>Place Saint-Sernin<\/li>\n<li>Jardin\u00a0Sauvegrain<\/li>\n<li>Jardin Marcel\u00a0Thourel<\/li>\n<li>Jardin Vestrepain\u00a0<\/li>\n<\/ul>\n<p>Vid\u00e9os : en ce moment sur Actu<\/p>\n<p class=\" wall-content\">En somme, seuls les <strong>espaces verts non cl\u00f4tur\u00e9s<\/strong> restent accessibles au public\u2026 \u00e0 ses risques et p\u00e9rils.<\/p>\n<p class=\" wall-content\">Suivez toute l\u2019actualit\u00e9 de vos villes et m\u00e9dias favoris en vous inscrivant \u00e0 <a href=\"https:\/\/moncompte.actu.fr\" title=\"D\u00e9couvez Mon Actu\" rel=\"nofollow noopener\" data-trk=\"{&quot;cta&quot;:{&quot;action&quot;:&quot;https:\\\/\\\/moncompte.actu.fr&quot;,&quot;category&quot;:&quot;mon compte&quot;,&quot;from&quot;:&quot;article footer&quot;,&quot;name&quot;:&quot;Mon actu&quot;,&quot;type&quot;:&quot;cta&quot;}}\" target=\"_blank\">Mon Actu<\/a>.<\/p>\n","protected":false},"excerpt":{"rendered":"Par Guillaume Laurens Publi\u00e9 le 13 ao\u00fbt 2025 \u00e0 16h34 Peu apr\u00e8s avoir communiqu\u00e9 sur l\u2019extension de leurs&hellip;\n","protected":false},"author":2,"featured_media":316496,"comment_status":"","ping_status":"","sticky":false,"template":"","format":"standard","meta":{"footnotes":""},"categories":[2816],"tags":[1111,11,6698,1777,674,1011,27,12,2680,25,104,2312],"class_list":{"0":"post-316495","1":"post","2":"type-post","3":"status-publish","4":"format-standard","5":"has-post-thumbnail","7":"category-toulouse","8":"tag-actu","9":"tag-actualites","10":"tag-canicule","11":"tag-eu","12":"tag-europe","13":"tag-fr","14":"tag-france","15":"tag-news","16":"tag-occitanie","17":"tag-republique-francaise","18":"tag-societe","19":"tag-toulouse"},"share_on_mastodon":{"url":"https:\/\/pubeurope.com\/@fr\/115022050382667324","error":""},"_links":{"self":[{"href":"https:\/\/www.europesays.com\/fr\/wp-json\/wp\/v2\/posts\/316495","targetHints":{"allow":["GET"]}}],"collection":[{"href":"https:\/\/www.europesays.com\/fr\/wp-json\/wp\/v2\/posts"}],"about":[{"href":"https:\/\/www.europesays.com\/fr\/wp-json\/wp\/v2\/types\/post"}],"author":[{"embeddable":true,"href":"https:\/\/www.europesays.com\/fr\/wp-json\/wp\/v2\/users\/2"}],"replies":[{"embeddable":true,"href":"https:\/\/www.europesays.com\/fr\/wp-json\/wp\/v2\/comments?post=316495"}],"version-history":[{"count":0,"href":"https:\/\/www.europesays.com\/fr\/wp-json\/wp\/v2\/posts\/316495\/revisions"}],"wp:featuredmedia":[{"embeddable":true,"href":"https:\/\/www.europesays.com\/fr\/wp-json\/wp\/v2\/media\/316496"}],"wp:attachment":[{"href":"https:\/\/www.europesays.com\/fr\/wp-json\/wp\/v2\/media?parent=316495"}],"wp:term":[{"taxonomy":"category","embeddable":true,"href":"https:\/\/www.europesays.com\/fr\/wp-json\/wp\/v2\/categories?post=316495"},{"taxonomy":"post_tag","embeddable":true,"href":"https:\/\/www.europesays.com\/fr\/wp-json\/wp\/v2\/tags?post=316495"}],"curies":[{"name":"wp","href":"https:\/\/api.w.org\/{rel}","templated":true}]}}