{"id":316497,"date":"2025-08-13T14:59:12","date_gmt":"2025-08-13T14:59:12","guid":{"rendered":"https:\/\/www.europesays.com\/fr\/316497\/"},"modified":"2025-08-13T14:59:12","modified_gmt":"2025-08-13T14:59:12","slug":"les-jeunes-cobistes-de-bressuire-avec-ntamak-a-toulouse","status":"publish","type":"post","link":"https:\/\/www.europesays.com\/fr\/316497\/","title":{"rendered":"Les jeunes Cobistes de Bressuire avec Ntamak \u00e0 Toulouse"},"content":{"rendered":"<p>La p\u00e9riode estivale est propice \u00e0 de nombreuses sorties sportives ou stages en tous genres. Quatre jeunes pensionnaires du club de rugby de Bressuire, le club Ovalie du Bocage (L\u00e9o, Ethan, Louis et Mayeul) n\u2019ont pas h\u00e9sit\u00e9 \u00e0 faire de nombreux kilom\u00e8tres pour se rendre au stade Ernest-Wallon \u00e0 Toulouse, pour participer \u00e0 un stage Performance 4 organis\u00e9 par la Stade Toulousain Acad\u00e9mie&#8230;. <\/p>\n<p>    Cet article a \u00e9t\u00e9 tronqu\u00e9. Abonnez-vous pour lire l&rsquo;article complet sur notre site.<\/p>\n<p style=\"margin: 0 !important; padding: 0 !important; font-size: 12px !important;\">Cet article a \u00e9t\u00e9 tronqu\u00e9. Abonnez-vous pour lire l&rsquo;article complet.<\/p>\n<p>    <a href=\"https:\/\/www.lanouvellerepublique.fr\/abonnements\" style=\"display: inline-block; margin-top: 5px !important; padding: 6px 12px !important; background: #cb1c27; color: white; text-decoration: none; border-radius: 4px; font-size: 12px !important;\" rel=\"nofollow noopener\" target=\"_blank\"><br \/>\n      S&rsquo;abonner<br \/>\n    <\/a><\/p>\n","protected":false},"excerpt":{"rendered":"La p\u00e9riode estivale est propice \u00e0 de nombreuses sorties sportives ou stages en tous genres. Quatre jeunes pensionnaires&hellip;\n","protected":false},"author":2,"featured_media":316498,"comment_status":"","ping_status":"","sticky":false,"template":"","format":"standard","meta":{"footnotes":""},"categories":[2816],"tags":[1111,11,6753,1674,1777,674,1011,27,1393,4387,12,2680,25,2312],"class_list":{"0":"post-316497","1":"post","2":"type-post","3":"status-publish","4":"format-standard","5":"has-post-thumbnail","7":"category-toulouse","8":"tag-actu","9":"tag-actualites","10":"tag-bressuire","11":"tag-communes","12":"tag-eu","13":"tag-europe","14":"tag-fr","15":"tag-france","16":"tag-loisirs","17":"tag-loisirs-sportifs","18":"tag-news","19":"tag-occitanie","20":"tag-republique-francaise","21":"tag-toulouse"},"share_on_mastodon":{"url":"https:\/\/pubeurope.com\/@fr\/115022054222824440","error":""},"_links":{"self":[{"href":"https:\/\/www.europesays.com\/fr\/wp-json\/wp\/v2\/posts\/316497","targetHints":{"allow":["GET"]}}],"collection":[{"href":"https:\/\/www.europesays.com\/fr\/wp-json\/wp\/v2\/posts"}],"about":[{"href":"https:\/\/www.europesays.com\/fr\/wp-json\/wp\/v2\/types\/post"}],"author":[{"embeddable":true,"href":"https:\/\/www.europesays.com\/fr\/wp-json\/wp\/v2\/users\/2"}],"replies":[{"embeddable":true,"href":"https:\/\/www.europesays.com\/fr\/wp-json\/wp\/v2\/comments?post=316497"}],"version-history":[{"count":0,"href":"https:\/\/www.europesays.com\/fr\/wp-json\/wp\/v2\/posts\/316497\/revisions"}],"wp:featuredmedia":[{"embeddable":true,"href":"https:\/\/www.europesays.com\/fr\/wp-json\/wp\/v2\/media\/316498"}],"wp:attachment":[{"href":"https:\/\/www.europesays.com\/fr\/wp-json\/wp\/v2\/media?parent=316497"}],"wp:term":[{"taxonomy":"category","embeddable":true,"href":"https:\/\/www.europesays.com\/fr\/wp-json\/wp\/v2\/categories?post=316497"},{"taxonomy":"post_tag","embeddable":true,"href":"https:\/\/www.europesays.com\/fr\/wp-json\/wp\/v2\/tags?post=316497"}],"curies":[{"name":"wp","href":"https:\/\/api.w.org\/{rel}","templated":true}]}}