{"id":31650,"date":"2025-04-17T12:26:26","date_gmt":"2025-04-17T12:26:26","guid":{"rendered":"https:\/\/www.europesays.com\/fr\/31650\/"},"modified":"2025-04-17T12:26:26","modified_gmt":"2025-04-17T12:26:26","slug":"strasbourg-limaginaire-de-la-photographe-canadienne-kourtney-roy-sexpose-a-la-chambre","status":"publish","type":"post","link":"https:\/\/www.europesays.com\/fr\/31650\/","title":{"rendered":"Strasbourg. L\u2019imaginaire de la photographe canadienne Kourtney Roy s\u2019expose \u00e0 La Chambre"},"content":{"rendered":"<p>Kourtney Roy, son nom claque comme celui d\u2019une rock star. La jeune photographe canadienne parle vite, tutoie et estime n\u2019avoir aucun \u00ab\u00a0discours politique \u00e0 plaquer\u00a0\u00bb sur ses images expos\u00e9es \u00e0 <a href=\"https:\/\/www.la-chambre.org\/expositions\/\" target=\"_blank\" rel=\"nofollow noopener\">la galerie strasbourgeoise La Chambre.<\/a><\/p>\n<p>Dans celles extraites de la s\u00e9rie <a href=\"https:\/\/www.la-chambre.org\/expo\/the-other-end-exposition-of-the-rainbow\/\" target=\"_blank\" rel=\"nofollow noopener\">Enter as Fiction<\/a><a href=\"https:\/\/www.la-chambre.org\/expo\/the-other-end-exposition-of-the-rainbow\/\" target=\"_blank\" rel=\"nofollow noopener\">,<\/a> elle se met en sc\u00e8ne, performe dans des grands espaces am\u00e9ricains. Tant\u00f4t blonde, tant\u00f4t brune ou rousse, en robe \u00e0 pois, escarpins \u00e0 talons\u2026<\/p>\n<p>Un imaginaire \u00e9nigmatique<\/p>\n<p>Elle est de dos, au pied du Golden Gate bridge \u00e0 San Francisco, en r\u00e9f\u00e9rence \u00e0 la&#8230;<\/p>\n","protected":false},"excerpt":{"rendered":"Kourtney Roy, son nom claque comme celui d\u2019une rock star. La jeune photographe canadienne parle vite, tutoie et&hellip;\n","protected":false},"author":2,"featured_media":31651,"comment_status":"","ping_status":"","sticky":false,"template":"","format":"standard","meta":{"footnotes":""},"categories":[2820],"tags":[1111,11,2389,1687,2880,1777,674,2271,107,1011,27,775,12,25,640,2879],"class_list":{"0":"post-31650","1":"post","2":"type-post","3":"status-publish","4":"format-standard","5":"has-post-thumbnail","7":"category-strasbourg","8":"tag-actu","9":"tag-actualites","10":"tag-alsace","11":"tag-culture-loisirs","12":"tag-edition-strasbourg","13":"tag-eu","14":"tag-europe","15":"tag-exposition-arts-plastiques","16":"tag-fil-info","17":"tag-fr","18":"tag-france","19":"tag-grand-est","20":"tag-news","21":"tag-republique-francaise","22":"tag-strasbourg","23":"tag-strasbourg-ville"},"share_on_mastodon":{"url":"https:\/\/pubeurope.com\/@fr\/114353299969316220","error":""},"_links":{"self":[{"href":"https:\/\/www.europesays.com\/fr\/wp-json\/wp\/v2\/posts\/31650","targetHints":{"allow":["GET"]}}],"collection":[{"href":"https:\/\/www.europesays.com\/fr\/wp-json\/wp\/v2\/posts"}],"about":[{"href":"https:\/\/www.europesays.com\/fr\/wp-json\/wp\/v2\/types\/post"}],"author":[{"embeddable":true,"href":"https:\/\/www.europesays.com\/fr\/wp-json\/wp\/v2\/users\/2"}],"replies":[{"embeddable":true,"href":"https:\/\/www.europesays.com\/fr\/wp-json\/wp\/v2\/comments?post=31650"}],"version-history":[{"count":0,"href":"https:\/\/www.europesays.com\/fr\/wp-json\/wp\/v2\/posts\/31650\/revisions"}],"wp:featuredmedia":[{"embeddable":true,"href":"https:\/\/www.europesays.com\/fr\/wp-json\/wp\/v2\/media\/31651"}],"wp:attachment":[{"href":"https:\/\/www.europesays.com\/fr\/wp-json\/wp\/v2\/media?parent=31650"}],"wp:term":[{"taxonomy":"category","embeddable":true,"href":"https:\/\/www.europesays.com\/fr\/wp-json\/wp\/v2\/categories?post=31650"},{"taxonomy":"post_tag","embeddable":true,"href":"https:\/\/www.europesays.com\/fr\/wp-json\/wp\/v2\/tags?post=31650"}],"curies":[{"name":"wp","href":"https:\/\/api.w.org\/{rel}","templated":true}]}}