{"id":316501,"date":"2025-08-13T15:02:10","date_gmt":"2025-08-13T15:02:10","guid":{"rendered":"https:\/\/www.europesays.com\/fr\/316501\/"},"modified":"2025-08-13T15:02:10","modified_gmt":"2025-08-13T15:02:10","slug":"le-livreur-ubershit-grille-un-feu-rouge-devant-les-policiers-municipaux","status":"publish","type":"post","link":"https:\/\/www.europesays.com\/fr\/316501\/","title":{"rendered":"Le livreur Ubershit grille un feu rouge devant les policiers municipaux"},"content":{"rendered":"<p>Ainsi, dans la nuit du dimanche au lundi 10\u00a0ao\u00fbt, sur les coups de minuit, c\u2019est un scooter mont\u00e9 par deux personnes qui est pass\u00e9 au rouge sous le nez d\u2019un \u00e9quipage de nuit de la police municipale, post\u00e9 sur le boulevard de Plombi\u00e8res, dans le 14e arrondissement de Marseille. Pris en chasse par la patrouille, le deux-roues a, sans trop de surprise, poursuivi sa course pour tenter de lui \u00e9chapper, zigzaguant sur la chauss\u00e9e jusqu\u2019\u00e0 se r\u00e9soudre \u00e0 abandonner l\u2019engin pour aller se cacher \u00e0 pied autour de quelques maisons, en vain. Interpell\u00e9s par les agents, les deux hommes transportaient huit savonnettes estampill\u00e9es \u00ab\u00a0strawberry banana\u00a0\u00bb, en fait pr\u00e8s d\u2019un kilo de r\u00e9sine de cannabis. Leur scooter, vraisemblablement vol\u00e9, a \u00e9galement \u00e9t\u00e9 saisi.<\/p>\n","protected":false},"excerpt":{"rendered":"Ainsi, dans la nuit du dimanche au lundi 10\u00a0ao\u00fbt, sur les coups de minuit, c\u2019est un scooter mont\u00e9&hellip;\n","protected":false},"author":2,"featured_media":316502,"comment_status":"","ping_status":"","sticky":false,"template":"","format":"standard","meta":{"footnotes":""},"categories":[2814],"tags":[17,1111,11,13413,1777,674,274,1312,1011,27,45513,151,6760,884,12,882,25,7289,6761],"class_list":{"0":"post-316501","1":"post","2":"type-post","3":"status-publish","4":"format-standard","5":"has-post-thumbnail","7":"category-marseille","8":"tag-17","9":"tag-actu","10":"tag-actualites","11":"tag-devant","12":"tag-eu","13":"tag-europe","14":"tag-faits-divers-justice","15":"tag-feu","16":"tag-fr","17":"tag-france","18":"tag-grille","19":"tag-les","20":"tag-livreur","21":"tag-marseille","22":"tag-news","23":"tag-provence-alpes-cote-dazur","24":"tag-republique-francaise","25":"tag-rouge","26":"tag-ubershit"},"share_on_mastodon":{"url":"https:\/\/pubeurope.com\/@fr\/115022066153270663","error":""},"_links":{"self":[{"href":"https:\/\/www.europesays.com\/fr\/wp-json\/wp\/v2\/posts\/316501","targetHints":{"allow":["GET"]}}],"collection":[{"href":"https:\/\/www.europesays.com\/fr\/wp-json\/wp\/v2\/posts"}],"about":[{"href":"https:\/\/www.europesays.com\/fr\/wp-json\/wp\/v2\/types\/post"}],"author":[{"embeddable":true,"href":"https:\/\/www.europesays.com\/fr\/wp-json\/wp\/v2\/users\/2"}],"replies":[{"embeddable":true,"href":"https:\/\/www.europesays.com\/fr\/wp-json\/wp\/v2\/comments?post=316501"}],"version-history":[{"count":0,"href":"https:\/\/www.europesays.com\/fr\/wp-json\/wp\/v2\/posts\/316501\/revisions"}],"wp:featuredmedia":[{"embeddable":true,"href":"https:\/\/www.europesays.com\/fr\/wp-json\/wp\/v2\/media\/316502"}],"wp:attachment":[{"href":"https:\/\/www.europesays.com\/fr\/wp-json\/wp\/v2\/media?parent=316501"}],"wp:term":[{"taxonomy":"category","embeddable":true,"href":"https:\/\/www.europesays.com\/fr\/wp-json\/wp\/v2\/categories?post=316501"},{"taxonomy":"post_tag","embeddable":true,"href":"https:\/\/www.europesays.com\/fr\/wp-json\/wp\/v2\/tags?post=316501"}],"curies":[{"name":"wp","href":"https:\/\/api.w.org\/{rel}","templated":true}]}}