{"id":316503,"date":"2025-08-13T15:03:11","date_gmt":"2025-08-13T15:03:11","guid":{"rendered":"https:\/\/www.europesays.com\/fr\/316503\/"},"modified":"2025-08-13T15:03:11","modified_gmt":"2025-08-13T15:03:11","slug":"pres-de-marseille-des-orages-vont-frapper-les-bouches-du-rhone-voici-les-zones-touchees","status":"publish","type":"post","link":"https:\/\/www.europesays.com\/fr\/316503\/","title":{"rendered":"Pr\u00e8s de Marseille. Des orages vont frapper les Bouches-du-Rh\u00f4ne : voici les zones touch\u00e9es"},"content":{"rendered":"<p>            Par<br \/>\n        <strong><br \/>\n            <a href=\"https:\/\/actu.fr\/auteur\/fabien-binacchi\" title=\"Consulter tous les articles de Fabien Binacchi\" rel=\"nofollow noopener\" target=\"_blank\">Fabien Binacchi<\/a><br \/>\n        <\/strong><\/p>\n<p>        Publi\u00e9 le<\/p>\n<p>            13 ao\u00fbt 2025 \u00e0 16h39        <\/p>\n<p>Du tonnerre et de la pluie annonc\u00e9s. Alors que <a href=\"https:\/\/actu.fr\/provence-alpes-cote-d-azur\/marseille_13055\/canicule-a-marseille-et-dans-les-bouches-du-rhone-voila-jusqu-a-quand-la-vague-de-chaleur-va-durer_63019151.html\" rel=\"nofollow noopener\" target=\"_blank\">l\u2019alerte orange \u00ab\u2009canicule\u2009\u00bb<\/a> se poursuit, <a href=\"https:\/\/actu.fr\/tag\/meteo-france\" rel=\"nofollow noopener\" target=\"_blank\">M\u00e9t\u00e9o-France<\/a> \u00e9met \u00e9galement<strong> une vigilance jaune aux \u00ab\u2009orages\u2009\u00bb<\/strong> dans le d\u00e9partement des <a href=\"https:\/\/actu.fr\/provence-alpes-cote-d-azur\/bouches-du-rhone_13\" rel=\"nofollow noopener\" target=\"_blank\">Bouches-du-Rh\u00f4ne<\/a> ce mercredi 13\u00a0ao\u00fbt 2025. Un risque qui devrait perdurer le jeudi\u00a014.<\/p>\n<p class=\" wall-content\">Voici o\u00f9 les \u00e9clairs vont frapper.<\/p>\n<p>Dans le nord-est<\/p>\n<p class=\" wall-content\">L\u2019alerte aux <a href=\"https:\/\/actu.fr\/tag\/orages\" rel=\"nofollow noopener\" target=\"_blank\">orages<\/a> est en vigueur depuis le milieu de l\u2019apr\u00e8s-midi et le sera, <strong>a minima,<\/strong> jusqu\u2019\u00e0 minuit, ce mercredi 13\u00a0ao\u00fbt 2025, dans les Bouches-du-Rh\u00f4ne.<\/p>\n<p class=\" wall-content\">Selon les donn\u00e9es M\u00e9t\u00e9o-France, le service officiel de la m\u00e9t\u00e9orologie et de la climatologie dans l\u2019Hexagone, c\u2019est le nord-est du d\u00e9partement qui est notamment concern\u00e9.<\/p>\n<p class=\" wall-content\">L\u2019atmosph\u00e8re des secteurs d\u2019<a href=\"https:\/\/actu.fr\/provence-alpes-cote-d-azur\/aix-en-provence_13001\" rel=\"nofollow noopener\" target=\"_blank\">Aix-en-Provence<\/a>, Peyrolles-en-Provence et <a href=\"https:\/\/actu.fr\/provence-alpes-cote-d-azur\/trets_13110\" rel=\"nofollow noopener\" target=\"_blank\">Trets<\/a> est explosive.<\/p>\n<p>\u00c9galement jeudi<\/p>\n<p class=\" wall-content\">Et la situation devrait se renouveler le jeudi 14\u00a0ao\u00fbt, sur une zone m\u00eame un peu plus large.<\/p>\n<p class=\" wall-content\">Apr\u00e8s une accalmie dans la matin\u00e9e, le m\u00e9t\u00e9orologue Paul Marquis, fondateur de la <a href=\"https:\/\/www.facebook.com\/lameteodu13\/?locale2=is_IS&amp;_rdr\" rel=\"nofollow noopener\" target=\"_blank\">M\u00e9t\u00e9o du 13<\/a> \u00e9voque <strong>un nouveau \u00ab\u2009petit risque orageux entre le Val de Durance, le pays d\u2019Aix et les Alpilles en soir\u00e9e\u2009\u00bb.<\/strong><\/p>\n<p class=\" wall-content\">Pas de quoi faire baisser en tout cas drastiquement les temp\u00e9ratures\u2009: les maximales, dans les zones concern\u00e9es atteindront toujours les <strong>35\u00b0C<\/strong>.<\/p>\n<p class=\" wall-content\">Suivez toute l\u2019actualit\u00e9 de vos villes et m\u00e9dias favoris en vous inscrivant \u00e0 <a href=\"https:\/\/moncompte.actu.fr\" title=\"D\u00e9couvez Mon Actu\" rel=\"nofollow noopener\" data-trk=\"{&quot;cta&quot;:{&quot;action&quot;:&quot;https:\\\/\\\/moncompte.actu.fr&quot;,&quot;category&quot;:&quot;mon compte&quot;,&quot;from&quot;:&quot;article footer&quot;,&quot;name&quot;:&quot;Mon actu&quot;,&quot;type&quot;:&quot;cta&quot;}}\" target=\"_blank\">Mon Actu<\/a>.<\/p>\n","protected":false},"excerpt":{"rendered":"Par Fabien Binacchi Publi\u00e9 le 13 ao\u00fbt 2025 \u00e0 16h39 Du tonnerre et de la pluie annonc\u00e9s. Alors&hellip;\n","protected":false},"author":2,"featured_media":316504,"comment_status":"","ping_status":"","sticky":false,"template":"","format":"standard","meta":{"footnotes":""},"categories":[2814],"tags":[1111,11,1777,674,1011,27,884,2487,2357,12,4594,882,25],"class_list":{"0":"post-316503","1":"post","2":"type-post","3":"status-publish","4":"format-standard","5":"has-post-thumbnail","7":"category-marseille","8":"tag-actu","9":"tag-actualites","10":"tag-eu","11":"tag-europe","12":"tag-fr","13":"tag-france","14":"tag-marseille","15":"tag-meteo","16":"tag-meteo-france","17":"tag-news","18":"tag-orages","19":"tag-provence-alpes-cote-dazur","20":"tag-republique-francaise"},"share_on_mastodon":{"url":"https:\/\/pubeurope.com\/@fr\/115022070014052350","error":""},"_links":{"self":[{"href":"https:\/\/www.europesays.com\/fr\/wp-json\/wp\/v2\/posts\/316503","targetHints":{"allow":["GET"]}}],"collection":[{"href":"https:\/\/www.europesays.com\/fr\/wp-json\/wp\/v2\/posts"}],"about":[{"href":"https:\/\/www.europesays.com\/fr\/wp-json\/wp\/v2\/types\/post"}],"author":[{"embeddable":true,"href":"https:\/\/www.europesays.com\/fr\/wp-json\/wp\/v2\/users\/2"}],"replies":[{"embeddable":true,"href":"https:\/\/www.europesays.com\/fr\/wp-json\/wp\/v2\/comments?post=316503"}],"version-history":[{"count":0,"href":"https:\/\/www.europesays.com\/fr\/wp-json\/wp\/v2\/posts\/316503\/revisions"}],"wp:featuredmedia":[{"embeddable":true,"href":"https:\/\/www.europesays.com\/fr\/wp-json\/wp\/v2\/media\/316504"}],"wp:attachment":[{"href":"https:\/\/www.europesays.com\/fr\/wp-json\/wp\/v2\/media?parent=316503"}],"wp:term":[{"taxonomy":"category","embeddable":true,"href":"https:\/\/www.europesays.com\/fr\/wp-json\/wp\/v2\/categories?post=316503"},{"taxonomy":"post_tag","embeddable":true,"href":"https:\/\/www.europesays.com\/fr\/wp-json\/wp\/v2\/tags?post=316503"}],"curies":[{"name":"wp","href":"https:\/\/api.w.org\/{rel}","templated":true}]}}