{"id":316505,"date":"2025-08-13T15:04:09","date_gmt":"2025-08-13T15:04:09","guid":{"rendered":"https:\/\/www.europesays.com\/fr\/316505\/"},"modified":"2025-08-13T15:04:09","modified_gmt":"2025-08-13T15:04:09","slug":"il-casse-une-vitre-du-metro-dans-une-video-virale-la-ratp-porte-plainte","status":"publish","type":"post","link":"https:\/\/www.europesays.com\/fr\/316505\/","title":{"rendered":"il casse une vitre du m\u00e9tro dans une vid\u00e9o virale, la RATP porte plainte"},"content":{"rendered":"<p>            Par<br \/>\n        <strong><br \/>\n            <a href=\"https:\/\/actu.fr\/auteur\/ludivine-caporal\" title=\"Consulter tous les articles de Ludivine Caporal\" target=\"_blank\" rel=\"noopener\">Ludivine Caporal<\/a><br \/>\n        <\/strong><\/p>\n<p>        Publi\u00e9 le<\/p>\n<p>            13 ao\u00fbt 2025 \u00e0 16h45        <\/p>\n<p>Reprise par un compte d\u2019actualit\u00e9s sur X, la vid\u00e9o a d\u00e9j\u00e0 pass\u00e9 la barre du<strong>\u00a0million de vues<\/strong> et suscit\u00e9 de nombreuses critiques.\u00a0<\/p>\n<p class=\" wall-content\">Dans un court extrait publi\u00e9 initialement sur TikTok, un jeune homme a \u00e9t\u00e9 film\u00e9 en train de foncer d\u00e9lib\u00e9r\u00e9ment au fond d\u2019une rame du m\u00e9tro D, \u00e0 <a href=\"https:\/\/actu.fr\/auvergne-rhone-alpes\/lyon_69123\" target=\"_blank\" rel=\"noopener\">Lyon<\/a>, avant de mettre un coup de t\u00eate sur la vitre. Dans le choc, celle-ci s\u2019est fissur\u00e9e, ce qui a amus\u00e9 sa bande d\u2019amis mais pas la <a href=\"https:\/\/actu.fr\/auvergne-rhone-alpes\/lyon_69123\/tcl-que-change-vraiment-l-arrivee-de-la-ratp-a-lyon-des-ce-1er-janvier-2025_62064833.html\" target=\"_blank\" rel=\"noopener\">RATP Dev<\/a>, co-exploitant du <a href=\"https:\/\/actu.fr\/tag\/transports-en-commun-lyonnais-tcl\" target=\"_blank\" rel=\"noopener\">r\u00e9seau TCL<\/a>, qui a annonc\u00e9 \u00e0 notre r\u00e9daction sa volont\u00e9 de porter plainte pour <strong>\u00ab\u00a0d\u00e9gradation volontaire\u00a0\u00bb.<\/strong><\/p>\n<p>Un incident qui s\u2019est d\u00e9roul\u00e9 ce dimanche<\/p>\n<p class=\" wall-content\">Selon nos informations, la vid\u00e9o est en tout cas bien r\u00e9cente puisque les faits se sont d\u00e9roul\u00e9s il y a quelques jours, le dimanche 10 ao\u00fbt au soir, <strong>\u00e0 la station Sans Souci du m\u00e9tro D.<\/strong><\/p>\n<p class=\" wall-content\">\n<p class=\" wall-content\">\u00ab\u00a0La rame concern\u00e9e est actuellement au d\u00e9p\u00f4t, en attente du remplacement de la vitre. Une investigation est en cours afin d\u2019analyser cette d\u00e9gradation\u00a0\u00bb, nous-a-t-on pr\u00e9cis\u00e9.\u00a0<\/p>\n<p class=\" wall-content\">Suivez toute l\u2019actualit\u00e9 de vos villes et m\u00e9dias favoris en vous inscrivant \u00e0 <a href=\"https:\/\/moncompte.actu.fr\" title=\"D\u00e9couvez Mon Actu\" rel=\"nofollow noopener\" data-trk=\"{&quot;cta&quot;:{&quot;action&quot;:&quot;https:\\\/\\\/moncompte.actu.fr&quot;,&quot;category&quot;:&quot;mon compte&quot;,&quot;from&quot;:&quot;article footer&quot;,&quot;name&quot;:&quot;Mon actu&quot;,&quot;type&quot;:&quot;cta&quot;}}\" target=\"_blank\">Mon Actu<\/a>.<\/p>\n","protected":false},"excerpt":{"rendered":"Par Ludivine Caporal Publi\u00e9 le 13 ao\u00fbt 2025 \u00e0 16h45 Reprise par un compte d\u2019actualit\u00e9s sur X, la&hellip;\n","protected":false},"author":2,"featured_media":316506,"comment_status":"","ping_status":"","sticky":false,"template":"","format":"standard","meta":{"footnotes":""},"categories":[1889],"tags":[1111,11,2430,1777,674,1011,27,2428,12,1072,625,25,104,5787],"class_list":{"0":"post-316505","1":"post","2":"type-post","3":"status-publish","4":"format-standard","5":"has-post-thumbnail","7":"category-lyon","8":"tag-actu","9":"tag-actualites","10":"tag-auvergne-rhone-alpes","11":"tag-eu","12":"tag-europe","13":"tag-fr","14":"tag-france","15":"tag-lyon","16":"tag-news","17":"tag-police","18":"tag-ratp","19":"tag-republique-francaise","20":"tag-societe","21":"tag-transports-en-commun-lyonnais-tcl"},"share_on_mastodon":{"url":"https:\/\/pubeurope.com\/@fr\/115022073986705221","error":""},"_links":{"self":[{"href":"https:\/\/www.europesays.com\/fr\/wp-json\/wp\/v2\/posts\/316505","targetHints":{"allow":["GET"]}}],"collection":[{"href":"https:\/\/www.europesays.com\/fr\/wp-json\/wp\/v2\/posts"}],"about":[{"href":"https:\/\/www.europesays.com\/fr\/wp-json\/wp\/v2\/types\/post"}],"author":[{"embeddable":true,"href":"https:\/\/www.europesays.com\/fr\/wp-json\/wp\/v2\/users\/2"}],"replies":[{"embeddable":true,"href":"https:\/\/www.europesays.com\/fr\/wp-json\/wp\/v2\/comments?post=316505"}],"version-history":[{"count":0,"href":"https:\/\/www.europesays.com\/fr\/wp-json\/wp\/v2\/posts\/316505\/revisions"}],"wp:featuredmedia":[{"embeddable":true,"href":"https:\/\/www.europesays.com\/fr\/wp-json\/wp\/v2\/media\/316506"}],"wp:attachment":[{"href":"https:\/\/www.europesays.com\/fr\/wp-json\/wp\/v2\/media?parent=316505"}],"wp:term":[{"taxonomy":"category","embeddable":true,"href":"https:\/\/www.europesays.com\/fr\/wp-json\/wp\/v2\/categories?post=316505"},{"taxonomy":"post_tag","embeddable":true,"href":"https:\/\/www.europesays.com\/fr\/wp-json\/wp\/v2\/tags?post=316505"}],"curies":[{"name":"wp","href":"https:\/\/api.w.org\/{rel}","templated":true}]}}