{"id":316507,"date":"2025-08-13T15:05:13","date_gmt":"2025-08-13T15:05:13","guid":{"rendered":"https:\/\/www.europesays.com\/fr\/316507\/"},"modified":"2025-08-13T15:05:13","modified_gmt":"2025-08-13T15:05:13","slug":"la-procession-aux-flambeaux-maintenue-a-fourviere-malgre-la-canicule","status":"publish","type":"post","link":"https:\/\/www.europesays.com\/fr\/316507\/","title":{"rendered":"la procession aux flambeaux maintenue \u00e0 Fourvi\u00e8re malgr\u00e9 la canicule"},"content":{"rendered":"<p>Chaque 15\u00a0ao\u00fbt, l\u2019\u00c9glise c\u00e9l\u00e8bre l\u2019Assomption. Pour les croyants, cette grande f\u00eate maritale est signe d\u2019esp\u00e9rance et de confiance. Elle rassemble tous les ans de nombreux fid\u00e8les, notamment \u00e0 Lyon, o\u00f9 le sanctuaire de Notre-Dame de Fourvi\u00e8re est un des lieux privil\u00e9gi\u00e9s pour la vivre.<\/p>\n<p>Les festivit\u00e9s d\u00e9buteront la veille, jeudi 14\u00a0ao\u00fbt, \u00e0 17\u00a0h\u00a030, par une messe anticip\u00e9e \u00e0 la basilique. Puis \u00e0 20 heures, sera organis\u00e9e la traditionnelle procession aux flambeaux, pr\u00e9sid\u00e9e par Mgr\u00a0Le Gal. Du c\u00f4t\u00e9 de la Fondation Fourvi\u00e8re, on indique que la marche est maintenue malgr\u00e9 la canicule.<\/p>\n<p>  Une veill\u00e9e dans la basilique<\/p>\n<p>L\u2019ann\u00e9e derni\u00e8re, elle avait rassembl\u00e9 pr\u00e8s de 250 croyants sur la colline. Le d\u00e9part sera donc donn\u00e9 \u00e0 la Maison de Lorette (Lyon 5e). Ensuite les participants rejoindront Fourvi\u00e8re, via les Jardins du Rosaire situ\u00e9s en contrebas. Une veill\u00e9e de pri\u00e8re aura lieu entre les murs de la basilique, \u00e0 l\u2019issue de la marche.<\/p>\n<p>Le vendredi 15\u00a0ao\u00fbt, f\u00eate de l\u2019Assomption, la basilique Notre-Dame de Fourvi\u00e8re accueillera ses fid\u00e8les tout au long de la journ\u00e9e, autour de quatre messes solennelles\u00a0: \u00e0 7\u00a0h\u00a030, 9\u00a0h\u00a030, 11 heures et 17\u00a0h\u00a030. Il est conseill\u00e9 d\u2019anticiper sa venue pour assurer une place assise au sein du lieu de culte.<\/p>\n<p class=\"note\">Maison de Lorette\u00a0: 42 bis mont\u00e9e Saint-Barth\u00e9l\u00e9my, 69005 Lyon<\/p>\n","protected":false},"excerpt":{"rendered":"Chaque 15\u00a0ao\u00fbt, l\u2019\u00c9glise c\u00e9l\u00e8bre l\u2019Assomption. Pour les croyants, cette grande f\u00eate maritale est signe d\u2019esp\u00e9rance et de confiance.&hellip;\n","protected":false},"author":2,"featured_media":316508,"comment_status":"","ping_status":"","sticky":false,"template":"","format":"standard","meta":{"footnotes":""},"categories":[1889],"tags":[1111,11,2430,1687,2757,1777,674,3326,1011,27,2428,2756,12,25,2429],"class_list":{"0":"post-316507","1":"post","2":"type-post","3":"status-publish","4":"format-standard","5":"has-post-thumbnail","7":"category-lyon","8":"tag-actu","9":"tag-actualites","10":"tag-auvergne-rhone-alpes","11":"tag-culture-loisirs","12":"tag-edition-lyon-villeurbanne","13":"tag-eu","14":"tag-europe","15":"tag-fete-locale","16":"tag-fr","17":"tag-france","18":"tag-lyon","19":"tag-lyon-bassin","20":"tag-news","21":"tag-republique-francaise","22":"tag-rhone"},"share_on_mastodon":{"url":"https:\/\/pubeurope.com\/@fr\/115022077854783313","error":""},"_links":{"self":[{"href":"https:\/\/www.europesays.com\/fr\/wp-json\/wp\/v2\/posts\/316507","targetHints":{"allow":["GET"]}}],"collection":[{"href":"https:\/\/www.europesays.com\/fr\/wp-json\/wp\/v2\/posts"}],"about":[{"href":"https:\/\/www.europesays.com\/fr\/wp-json\/wp\/v2\/types\/post"}],"author":[{"embeddable":true,"href":"https:\/\/www.europesays.com\/fr\/wp-json\/wp\/v2\/users\/2"}],"replies":[{"embeddable":true,"href":"https:\/\/www.europesays.com\/fr\/wp-json\/wp\/v2\/comments?post=316507"}],"version-history":[{"count":0,"href":"https:\/\/www.europesays.com\/fr\/wp-json\/wp\/v2\/posts\/316507\/revisions"}],"wp:featuredmedia":[{"embeddable":true,"href":"https:\/\/www.europesays.com\/fr\/wp-json\/wp\/v2\/media\/316508"}],"wp:attachment":[{"href":"https:\/\/www.europesays.com\/fr\/wp-json\/wp\/v2\/media?parent=316507"}],"wp:term":[{"taxonomy":"category","embeddable":true,"href":"https:\/\/www.europesays.com\/fr\/wp-json\/wp\/v2\/categories?post=316507"},{"taxonomy":"post_tag","embeddable":true,"href":"https:\/\/www.europesays.com\/fr\/wp-json\/wp\/v2\/tags?post=316507"}],"curies":[{"name":"wp","href":"https:\/\/api.w.org\/{rel}","templated":true}]}}