{"id":316511,"date":"2025-08-13T15:07:15","date_gmt":"2025-08-13T15:07:15","guid":{"rendered":"https:\/\/www.europesays.com\/fr\/316511\/"},"modified":"2025-08-13T15:07:15","modified_gmt":"2025-08-13T15:07:15","slug":"quest-ce-que-la-fievre-west-nile-dont-deux-cas-ont-ete-identifies-en-ile-de-france","status":"publish","type":"post","link":"https:\/\/www.europesays.com\/fr\/316511\/","title":{"rendered":"Qu&rsquo;est-ce que la fi\u00e8vre \u00abWest Nile\u00bb, dont deux cas ont \u00e9t\u00e9 identifi\u00e9s en \u00cele-de-France ?"},"content":{"rendered":"<p class=\"intro \">L&rsquo;ARS d&rsquo;\u00cele-de-France a annonc\u00e9 mercredi que deux cas autochtones de fi\u00e8vre \u00ab\u00a0West Nile\u00a0\u00bb (ou Nil occidental) ont \u00e9t\u00e9 observ\u00e9s. Une premi\u00e8re dans la r\u00e9gion. Cette maladie, transmise par des moustiques, peut \u00eatre \u00e0 l&rsquo;origine d&rsquo;une fi\u00e8vre importante, m\u00eame si dans 80% des cas, l&rsquo;infection est asymptomatique.<\/p>\n<p>C&rsquo;est une premi\u00e8re en \u00cele-de-France. L&rsquo;Agence r\u00e9gionale de sant\u00e9 (ARS) de la r\u00e9gion annonce mercredi 13 ao\u00fbt que deux cas autochtones de <a href=\"https:\/\/www.europe1.fr\/sante\/don-du-sang-restreint-pour-les-vacanciers-de-retour-du-sud-de-la-france-a-cause-dun-moustique-3784136\" rel=\"nofollow noopener\" target=\"_blank\">fi\u00e8vre \u00ab\u00a0West Nile\u00a0\u00bb, ou Nil occidental<\/a>, ont \u00e9t\u00e9 d\u00e9tect\u00e9s, pr\u00e9cis\u00e9ment dans le d\u00e9partement de la Seine-Saint-Denis.\u00a0\u00ab\u00a0Il s&rsquo;agit des premi\u00e8res identifications de transmission locale vectorielle du virus West Nile en \u00cele-de-France\u00a0\u00bb, soulignent les autorit\u00e9s sanitaires <a href=\"https:\/\/www.iledefrance.ars.sante.fr\/virus-du-nil-occidental-west-nile-deux-cas-autochtones-confirmes-en-ile-de-france\" target=\"_blank\" rel=\"nofollow noopener\">dans un communiqu\u00e9<\/a>.<\/p>\n<p>    La suite apr\u00e8s cette publicit\u00e9<\/p>\n<p>    La suite apr\u00e8s cette publicit\u00e9<\/p>\n<p>Comment se transmet-il et quels sont les sympt\u00f4mes ?<\/p>\n<p>Ce virus du Nil occidental tire son nom d&rsquo;un district \u00e9ponyme, en Ouganda, o\u00f9 il a \u00e9t\u00e9 isol\u00e9 pour la premi\u00e8re fois en 1937, relate <a href=\"https:\/\/www.pasteur.fr\/fr\/centre-medical\/fiches-maladies\/west-nile\" target=\"_blank\" rel=\"nofollow noopener\">l&rsquo;Institut Pasteur<\/a>. Il se transmet \u00ab\u00a0principalement par la piq\u00fbre d&rsquo;un moustique du genre &lsquo;Culex&rsquo;, infect\u00e9 apr\u00e8s avoir piqu\u00e9 un oiseau porteur du virus\u00a0\u00bb, pr\u00e9cise l&rsquo;ARS. \u00ab\u00a0Ce moustique, commun en France hexagonale, pique surtout en soir\u00e9e et la nuit\u00a0\u00bb, ajoute l&rsquo;agence, au contraire du moustique-tigre, vecteur de la dengue, du chikungunya ou de zika. Il n&rsquo;y a pas de transmission directe entre humains, ni via un insecte ayant piqu\u00e9 une personne infect\u00e9e, appuie l&rsquo;ARS.<\/p>\n<p>Dans 80% des cas, il s&rsquo;agit d&rsquo;une infection asymptomatique, pr\u00e9cisent les scientifiques. Lorsqu&rsquo;elle est symptomatique, elle se traduit par un \u00ab\u00a0syndrome pseudo-grippal\u00a0\u00bb, avec \u00ab\u00a0une fi\u00e8vre\u00a0importante accompagn\u00e9e de maux de t\u00eate, douleurs musculaires ou abdominales, naus\u00e9es, diarrh\u00e9es)\u00a0\u00bb, souligne l&rsquo;ARS d&rsquo;\u00cele-de-France.<\/p>\n<p>    La suite apr\u00e8s cette publicit\u00e9<\/p>\n<p>    La suite apr\u00e8s cette publicit\u00e9<\/p>\n<p>Et dans de tr\u00e8s rares cas (moins de 1%), \u00ab\u00a0des complications neurologiques (m\u00e9ningite, enc\u00e9phalite) peuvent survenir. G\u00e9n\u00e9ralement, le malade r\u00e9cup\u00e8re spontan\u00e9ment, parfois avec s\u00e9quelles. Mais l\u2019infection virale peut s\u2019av\u00e9rer mortelle principalement chez les personnes \u00e2g\u00e9es\u00a0\u00bb. En France, la fi\u00e8vre West Nile est inscrite sur la liste des maladies \u00e0 d\u00e9claration obligatoire (MDO).<\/p>\n","protected":false},"excerpt":{"rendered":"L&rsquo;ARS d&rsquo;\u00cele-de-France a annonc\u00e9 mercredi que deux cas autochtones de fi\u00e8vre \u00ab\u00a0West Nile\u00a0\u00bb (ou Nil occidental) ont \u00e9t\u00e9&hellip;\n","protected":false},"author":2,"featured_media":316512,"comment_status":"","ping_status":"","sticky":false,"template":"","format":"standard","meta":{"footnotes":""},"categories":[1592],"tags":[1111,11,1777,674,1011,27,662,12,626,25],"class_list":{"0":"post-316511","1":"post","2":"type-post","3":"status-publish","4":"format-standard","5":"has-post-thumbnail","7":"category-ile-de-france","8":"tag-actu","9":"tag-actualites","10":"tag-eu","11":"tag-europe","12":"tag-fr","13":"tag-france","14":"tag-ile-de-france","15":"tag-news","16":"tag-paris","17":"tag-republique-francaise"},"share_on_mastodon":{"url":"https:\/\/pubeurope.com\/@fr\/115022085782133172","error":""},"_links":{"self":[{"href":"https:\/\/www.europesays.com\/fr\/wp-json\/wp\/v2\/posts\/316511","targetHints":{"allow":["GET"]}}],"collection":[{"href":"https:\/\/www.europesays.com\/fr\/wp-json\/wp\/v2\/posts"}],"about":[{"href":"https:\/\/www.europesays.com\/fr\/wp-json\/wp\/v2\/types\/post"}],"author":[{"embeddable":true,"href":"https:\/\/www.europesays.com\/fr\/wp-json\/wp\/v2\/users\/2"}],"replies":[{"embeddable":true,"href":"https:\/\/www.europesays.com\/fr\/wp-json\/wp\/v2\/comments?post=316511"}],"version-history":[{"count":0,"href":"https:\/\/www.europesays.com\/fr\/wp-json\/wp\/v2\/posts\/316511\/revisions"}],"wp:featuredmedia":[{"embeddable":true,"href":"https:\/\/www.europesays.com\/fr\/wp-json\/wp\/v2\/media\/316512"}],"wp:attachment":[{"href":"https:\/\/www.europesays.com\/fr\/wp-json\/wp\/v2\/media?parent=316511"}],"wp:term":[{"taxonomy":"category","embeddable":true,"href":"https:\/\/www.europesays.com\/fr\/wp-json\/wp\/v2\/categories?post=316511"},{"taxonomy":"post_tag","embeddable":true,"href":"https:\/\/www.europesays.com\/fr\/wp-json\/wp\/v2\/tags?post=316511"}],"curies":[{"name":"wp","href":"https:\/\/api.w.org\/{rel}","templated":true}]}}