{"id":316513,"date":"2025-08-13T15:08:11","date_gmt":"2025-08-13T15:08:11","guid":{"rendered":"https:\/\/www.europesays.com\/fr\/316513\/"},"modified":"2025-08-13T15:08:11","modified_gmt":"2025-08-13T15:08:11","slug":"la-volonte-americaine-est-dobtenir-un-cessez-le-feu-assure-emmanuel-macron","status":"publish","type":"post","link":"https:\/\/www.europesays.com\/fr\/316513\/","title":{"rendered":"\u00ab\u00a0La volont\u00e9 am\u00e9ricaine est d&rsquo;obtenir un cessez-le-feu\u00a0\u00bb, assure Emmanuel Macron"},"content":{"rendered":"<p>\u00ab\u00a0Le pr\u00e9sident Trump a \u00e9t\u00e9 tr\u00e8s clair sur le fait que la volont\u00e9 am\u00e9ricaine \u00e9tait d&rsquo;obtenir un cessez-le-feu\u00a0\u00bb en Ukraine lors <a href=\"https:\/\/www.franceinfo.fr\/monde\/europe\/manifestations-en-ukraine\/guerre-en-ukraine-ce-que-l-on-sait-de-la-rencontre-entre-donald-trump-et-vladimir-poutine-en-alaska-sans-volodymyr-zelensky_7426696.html\" rel=\"nofollow noopener\" target=\"_blank\">du sommet en Alaska<\/a>, pr\u00e9vu vendredi entre Vladimir Poutine et Donald Trump, a affirm\u00e9, mercredi 13\u00a0ao\u00fbt, Emmanuel Macron, depuis le fort de Br\u00e9gan\u00e7on (Var). Le pr\u00e9sident russe et le pr\u00e9sident am\u00e9ricain se retrouvent vendredi \u00e0 Anchorage, en Alaska, pour un t\u00eate-\u00e0-t\u00eate d\u00e9j\u00e0 historique, mais en l&rsquo;absence du pr\u00e9sident ukrainien Volodymyr Zelensky. Selon Emmanuel Macron, Donald Trump\u00a0\u00ab\u00a0va se battre\u00a0\u00bb\u00a0pour organiser une r\u00e9union entre les Etats-Unis, la Russie et l&rsquo;Ukraine.\u00a0\u00ab\u00a0Nous souhaitons qu&rsquo;elle puisse se tenir en Europe, dans un pays neutre\u00a0\u00bb, a soulign\u00e9 le pr\u00e9sident fran\u00e7ais, au nom des Europ\u00e9ens. Suivez notre direct.<\/p>\n<p class=\"c-body__bullet\"><strong> Le pr\u00e9sident ukrainien appelle \u00e0 ne croire au \u00ab\u00a0bluff\u00a0\u00bb du pr\u00e9sident russe<\/strong>. \u00ab\u00a0Vladimir Poutine ne veut pas la paix, il veut nous occuper. Il faut de la pression, de la pression, de la pression (&#8230;) pour mettre fin \u00e0 la guerre.\u00a0\u00bb Depuis Berlin, o\u00f9 il a assist\u00e9 \u00e0 une r\u00e9union en visioconf\u00e9rence avec plusieurs leaders europ\u00e9ens et Donald Trump, le pr\u00e9sident ukrainien Volodymyr Zelensky a appel\u00e9 la communaut\u00e9 internationale \u00e0 ne pas croire au\u00a0\u00ab\u00a0bluff\u00a0\u00bb\u00a0du pr\u00e9sident russe\u00a0\u00ab\u00a0sur le front\u00a0\u00bb. A ses c\u00f4t\u00e9s, le chancelier allemand Friedrich Merz a assur\u00e9 que l&rsquo;Ukraine devait \u00ab\u00a0\u00eatre \u00e0 la table\u00a0\u00bb des n\u00e9gociations .<\/p>\n<p class=\"c-body__bullet\"><strong> Des familles \u00e9vacu\u00e9es dans des localit\u00e9s en Ukraine<\/strong>. L&rsquo;Ukraine a ordonn\u00e9 l&rsquo;\u00e9vacuation de familles dans des localit\u00e9s situ\u00e9es pr\u00e8s du secteur de l&rsquo;est de l&rsquo;Ukraine o\u00f9 <a href=\"https:\/\/www.franceinfo.fr\/monde\/europe\/manifestations-en-ukraine\/guerre-en-ukraine-l-armee-russe-progresse-rapidement-dans-un-secteur-strategique-du-front-est_7431520.html\" rel=\"nofollow noopener\" target=\"_blank\">l&rsquo;arm\u00e9e russe a avanc\u00e9 rapidement ces derniers jours<\/a>, signe de la d\u00e9gradation de la situation. Le gouverneur de la r\u00e9gion orientale de Donetsk, Vadym Filachkine, a annonc\u00e9 l'\u00a0\u00bb\u00e9vacuation obligatoire de familles avec enfants\u00a0\u00bb dans une dizaine de localit\u00e9s, notamment la petite ville de Bilozersk\u00e9. Selon lui, quelque 1\u00a0150\u00a0enfants se trouvent encore dans la zone concern\u00e9e.<\/p>\n<p class=\"c-body__bullet\"><strong> Moscou revendique une perc\u00e9e.<\/strong> La Russie a revendiqu\u00e9 la prise de deux\u00a0localit\u00e9s dans l&rsquo;est de l&rsquo;Ukraine, dans un secteur strat\u00e9gique o\u00f9 Moscou a effectu\u00e9 ces derniers jours de rapides avanc\u00e9es laissant augurer une possible perc\u00e9e d&rsquo;ampleur. Le minist\u00e8re russe de la D\u00e9fense a affirm\u00e9 que ses unit\u00e9s avaient conquis les localit\u00e9s de Nykanorivka et Souvorov\u00e9, situ\u00e9es au sud-ouest de la ville-garnison de Dobropillia, dans la r\u00e9gion de Donetsk.<\/p>\n<p class=\"c-body__bullet\"><strong> Donald Trump qualifie les leaders europ\u00e9ens de \u00ab\u00a0gens formidables\u00a0\u00bb.<\/strong> \u00ab\u00a0Je vais parler aux dirigeants europ\u00e9ens dans un petit moment. Ce sont des gens formidables qui souhaitent voir un accord conclu\u00a0\u00bb, a \u00e9crit le pr\u00e9sident am\u00e9ricain sur son r\u00e9seau Truth Social, \u00e0 deux\u00a0jours de <a href=\"https:\/\/www.franceinfo.fr\/monde\/europe\/manifestations-en-ukraine\/guerre-en-ukraine-evoquant-sa-future-rencontre-avec-vladimir-poutine-en-alaska-donald-trump-assure-qu-il-se-rendra-en-russie_7430344.html\" rel=\"nofollow noopener\" target=\"_blank\">sa rencontre avec le pr\u00e9sident russe<\/a>, Vladimir Poutine. Il doit rejoindre une visioconf\u00e9rence entre les Europ\u00e9ens et le pr\u00e9sident ukrainien, Volodymyr Zelensky.<\/p>\n","protected":false},"excerpt":{"rendered":"\u00ab\u00a0Le pr\u00e9sident Trump a \u00e9t\u00e9 tr\u00e8s clair sur le fait que la volont\u00e9 am\u00e9ricaine \u00e9tait d&rsquo;obtenir un cessez-le-feu\u00a0\u00bb&hellip;\n","protected":false},"author":2,"featured_media":316514,"comment_status":"","ping_status":"","sticky":false,"template":"","format":"standard","meta":{"footnotes":""},"categories":[1888],"tags":[1111,1928,11,1927,1777,674,1011,27,12,1926,626,1925,25],"class_list":{"0":"post-316513","1":"post","2":"type-post","3":"status-publish","4":"format-standard","5":"has-post-thumbnail","7":"category-paris","8":"tag-actu","9":"tag-actu-paris","10":"tag-actualites","11":"tag-actualites-paris","12":"tag-eu","13":"tag-europe","14":"tag-fr","15":"tag-france","16":"tag-news","17":"tag-news-paris","18":"tag-paris","19":"tag-paris-news","20":"tag-republique-francaise"},"share_on_mastodon":{"url":"https:\/\/pubeurope.com\/@fr\/115022089716372893","error":""},"_links":{"self":[{"href":"https:\/\/www.europesays.com\/fr\/wp-json\/wp\/v2\/posts\/316513","targetHints":{"allow":["GET"]}}],"collection":[{"href":"https:\/\/www.europesays.com\/fr\/wp-json\/wp\/v2\/posts"}],"about":[{"href":"https:\/\/www.europesays.com\/fr\/wp-json\/wp\/v2\/types\/post"}],"author":[{"embeddable":true,"href":"https:\/\/www.europesays.com\/fr\/wp-json\/wp\/v2\/users\/2"}],"replies":[{"embeddable":true,"href":"https:\/\/www.europesays.com\/fr\/wp-json\/wp\/v2\/comments?post=316513"}],"version-history":[{"count":0,"href":"https:\/\/www.europesays.com\/fr\/wp-json\/wp\/v2\/posts\/316513\/revisions"}],"wp:featuredmedia":[{"embeddable":true,"href":"https:\/\/www.europesays.com\/fr\/wp-json\/wp\/v2\/media\/316514"}],"wp:attachment":[{"href":"https:\/\/www.europesays.com\/fr\/wp-json\/wp\/v2\/media?parent=316513"}],"wp:term":[{"taxonomy":"category","embeddable":true,"href":"https:\/\/www.europesays.com\/fr\/wp-json\/wp\/v2\/categories?post=316513"},{"taxonomy":"post_tag","embeddable":true,"href":"https:\/\/www.europesays.com\/fr\/wp-json\/wp\/v2\/tags?post=316513"}],"curies":[{"name":"wp","href":"https:\/\/api.w.org\/{rel}","templated":true}]}}