{"id":316515,"date":"2025-08-13T15:09:13","date_gmt":"2025-08-13T15:09:13","guid":{"rendered":"https:\/\/www.europesays.com\/fr\/316515\/"},"modified":"2025-08-13T15:09:13","modified_gmt":"2025-08-13T15:09:13","slug":"anciens-trapp-proche-dun-retour-a-paris","status":"publish","type":"post","link":"https:\/\/www.europesays.com\/fr\/316515\/","title":{"rendered":"Anciens : Trapp proche d&rsquo;un retour \u00e0 Paris ?"},"content":{"rendered":"<p>Alors que le chantier des gardiens bat son plein au PSG, Kevin Trapp serait en passe de faire son grand retour \u00e0 Paris, mais pas sous les couleurs Rouge et Bleu.<\/p>\n<p>Kevin <strong>Trapp <\/strong>ne succ\u00e8dera pas \u00e0 Gianluigi Donnarumma cet \u00e9t\u00e9 au PSG et ne viendra pas non plus concurrencer Lucas Chevalier et Matvey Safonov. Mais \u00e0 35 ans, le portier allemand pourrait bien revenir \u00e0 Paris. Selon Le Parisien, l&rsquo;actuel gardien de l&rsquo;Eintracht Francfort est en discussions avanc\u00e9es avec le Paris FC, promu en Ligue 1.<\/p>\n<blockquote class=\"twitter-tweet\">\n<p dir=\"ltr\" lang=\"fr\">=\ufffdLe Paris FC pourrait r\u00e9aliser un gros coup en attirant Kevin Trapp ! Le gardien allemand est en contacts avanc\u00e9s avec le club promu. <a href=\"https:\/\/twitter.com\/hashtag\/Mercato?src=hash&amp;ref_src=twsrc%5Etfw\" rel=\"nofollow noopener\" target=\"_blank\">#Mercato<\/a> <a href=\"https:\/\/t.co\/eB8GmNc8Ay\" rel=\"nofollow\">https:\/\/t.co\/eB8GmNc8Ay<\/a><\/p>\n<p>\u2014 Benjamin Quarez (@B_Quarez) <a href=\"https:\/\/twitter.com\/B_Quarez\/status\/1955618430863724585?ref_src=twsrc%5Etfw\" rel=\"nofollow noopener\" target=\"_blank\">August 13, 2025<\/a><\/p><\/blockquote>\n<p>Pass\u00e9 par le PSG de 2015 \u00e0 2019 (avec une derni\u00e8re saison pass\u00e9e en pr\u00eat \u00e0 Francfort), Kevin Trapp a encore un an de contrat avec le club allemand et le promu parisien aimerait le recruter\u00a0pour accompagner la progression de son international Espoirs fran\u00e7ais Obed Nkambadio (22 ans).<\/p>\n<p>Trapp pourrait retrouver le PSG en janvier<\/p>\n<p>Si rien n&rsquo;est encore boucl\u00e9, le Paris FC serait tout proche d&rsquo;un accord pour recruter Trapp selon Le Parisien, qui ne pr\u00e9cise pas le montant du transfert. Le PSG\u00a0recevra le Paris FC au Parc des Princes le 4 janvier prochain tandis que le match retour aura lieu le 16 mai du c\u00f4t\u00e9 de Jean-Bouin.<\/p>\n<p>Depuis le d\u00e9but du mercato, le Paris FC a r\u00e9alis\u00e9 quelques jolis transferts en investissant 17 M\u20ac sur le d\u00e9fenseur central br\u00e9silien de Porto, <strong>Otavio <\/strong>(23 ans), 9,5 M\u20ac sur le lat\u00e9ral gauche fran\u00e7ais de Reims, Nhoa <strong>Sangui <\/strong>(19 ans), 7 M\u20ac sur l&rsquo;ailier nig\u00e9rian de Nantes, Moses <strong>Simon <\/strong>(29 ans) et 1,5 M\u20ac sur le lat\u00e9ral gauche belge de Reims, Thibault <strong>De Smet<\/strong> (27 ans).<\/p>\n<p>Du c\u00f4t\u00e9 du PSG, le poste de gardien a \u00e9t\u00e9 le grand chantier de l&rsquo;\u00e9t\u00e9 avec les arriv\u00e9es de Lucas <strong>Chevalier <\/strong>et Renato <strong>Marin <\/strong>et les d\u00e9parts attendus de Gianluigi <strong>Donnarumma<\/strong>, Arnau <strong>Tenas <\/strong>voire Matvey <strong>Safonov<\/strong>. <a href=\"https:\/\/www.culturepsg.com\/news\/club\/la-hierarchie-des-gardiens-se-precise-au-psg-mais\/56610\" rel=\"nofollow noopener\" target=\"_blank\">Le point sur la hi\u00e9rarchie des gardiens au PSG ici<\/a>.<\/p>\n<p><script async src=\"https:\/\/platform.twitter.com\/widgets.js\" charset=\"utf-8\"><\/script><\/p>\n","protected":false},"excerpt":{"rendered":"Alors que le chantier des gardiens bat son plein au PSG, Kevin Trapp serait en passe de faire&hellip;\n","protected":false},"author":2,"featured_media":316516,"comment_status":"","ping_status":"","sticky":false,"template":"","format":"standard","meta":{"footnotes":""},"categories":[1888],"tags":[1111,1928,11,1927,1777,674,1011,27,12,1926,626,1925,25],"class_list":{"0":"post-316515","1":"post","2":"type-post","3":"status-publish","4":"format-standard","5":"has-post-thumbnail","7":"category-paris","8":"tag-actu","9":"tag-actu-paris","10":"tag-actualites","11":"tag-actualites-paris","12":"tag-eu","13":"tag-europe","14":"tag-fr","15":"tag-france","16":"tag-news","17":"tag-news-paris","18":"tag-paris","19":"tag-paris-news","20":"tag-republique-francaise"},"share_on_mastodon":{"url":"https:\/\/pubeurope.com\/@fr\/115022093684809811","error":""},"_links":{"self":[{"href":"https:\/\/www.europesays.com\/fr\/wp-json\/wp\/v2\/posts\/316515","targetHints":{"allow":["GET"]}}],"collection":[{"href":"https:\/\/www.europesays.com\/fr\/wp-json\/wp\/v2\/posts"}],"about":[{"href":"https:\/\/www.europesays.com\/fr\/wp-json\/wp\/v2\/types\/post"}],"author":[{"embeddable":true,"href":"https:\/\/www.europesays.com\/fr\/wp-json\/wp\/v2\/users\/2"}],"replies":[{"embeddable":true,"href":"https:\/\/www.europesays.com\/fr\/wp-json\/wp\/v2\/comments?post=316515"}],"version-history":[{"count":0,"href":"https:\/\/www.europesays.com\/fr\/wp-json\/wp\/v2\/posts\/316515\/revisions"}],"wp:featuredmedia":[{"embeddable":true,"href":"https:\/\/www.europesays.com\/fr\/wp-json\/wp\/v2\/media\/316516"}],"wp:attachment":[{"href":"https:\/\/www.europesays.com\/fr\/wp-json\/wp\/v2\/media?parent=316515"}],"wp:term":[{"taxonomy":"category","embeddable":true,"href":"https:\/\/www.europesays.com\/fr\/wp-json\/wp\/v2\/categories?post=316515"},{"taxonomy":"post_tag","embeddable":true,"href":"https:\/\/www.europesays.com\/fr\/wp-json\/wp\/v2\/tags?post=316515"}],"curies":[{"name":"wp","href":"https:\/\/api.w.org\/{rel}","templated":true}]}}