{"id":316519,"date":"2025-08-13T15:11:11","date_gmt":"2025-08-13T15:11:11","guid":{"rendered":"https:\/\/www.europesays.com\/fr\/316519\/"},"modified":"2025-08-13T15:11:11","modified_gmt":"2025-08-13T15:11:11","slug":"un-homme-place-en-garde-a-vue-apres-avoir-assene-plusieurs-coups-de-couteau-a-sa-conjointe","status":"publish","type":"post","link":"https:\/\/www.europesays.com\/fr\/316519\/","title":{"rendered":"un homme plac\u00e9 en garde \u00e0 vue apr\u00e8s avoir ass\u00e9n\u00e9 plusieurs coups de couteau \u00e0 sa conjointe"},"content":{"rendered":"<p>Selon une source polici\u00e8re, la femme pr\u00e9sente une dizaine de plaies au niveau du visage, du bras et de l\u2019abdomen et son pronostic vital est engag\u00e9. L\u2019enfant du couple \u00e9tait pr\u00e9sent lors des faits.<\/p>\n<p class=\"fig-paragraph\">Un homme, soup\u00e7onn\u00e9 d&rsquo;avoir port\u00e9 plusieurs coups de couteau \u00e0 sa conjointe la blessant gravement, a \u00e9t\u00e9 interpell\u00e9 et plac\u00e9 en garde \u00e0 vue ce mercredi \u00e0\u00a0<a href=\"http:\/\/www.lefigaro.fr\/faits-divers\/paris-une-lame-de-couteau-plantee-dans-le-bras-pour-un-vol-de-telephone-20250714\" target=\"_blank\" data-fig-type=\"NewsFlash\" rel=\"noopener\" data-gtm-custom-categorie=\"navigation\" data-gtm-custom-action=\"crossclick\" data-gtm-custom-label=\"Contextuel\" data-gtm-event=\"customEventSPE\" data-fig-domain=\"LEFIGARO\">Paris<\/a>.<\/p>\n<p class=\"fig-paragraph\">Selon une source polici\u00e8re, la\u00a0<a href=\"http:\/\/www.lefigaro.fr\/faits-divers\/paris-une-femme-echappe-a-un-viol-de-rue-grace-a-l-intervention-de-passants-20250521\" target=\"_blank\" data-fig-type=\"NewsFlash\" rel=\"noopener\" data-gtm-custom-categorie=\"navigation\" data-gtm-custom-action=\"crossclick\" data-gtm-custom-label=\"Contextuel\" data-gtm-event=\"customEventSPE\" data-fig-domain=\"LEFIGARO\">femme<\/a>, tr\u00e8s gri\u00e8vement bless\u00e9e, pr\u00e9sente une dizaine de plaies au niveau du visage, du bras et de l&rsquo;abdomen, avec m\u00eame des traces d&rsquo;\u00e9visc\u00e9ration, et son pronostic vital est engag\u00e9. L&rsquo;homme aurait port\u00e9 des coups \u00e0 la suite d&rsquo;un diff\u00e9rend avec sa compagne, mercredi matin, d&rsquo;apr\u00e8s les premiers \u00e9l\u00e9ments recueillis par la m\u00eame source. Le parquet de Paris a indiqu\u00e9 avoir ouvert une enqu\u00eate pour tentative d&rsquo;homicide volontaire par conjoint, confi\u00e9e \u00e0 la police judiciaire.<\/p>\n<p>                                    <a class=\"fig-a11y-skip a11y-hidden\" href=\"#fig-a11y-skip-main-inarticle\"><br \/>\n        Passer la publicit\u00e9<br \/>\n    <\/a><\/p>\n<p class=\"fig-paragraph\">L&rsquo;enfant du couple, \u00e2g\u00e9 de 3 ans, \u00e9tait pr\u00e9sent au domicile au moment des faits qui se sont d\u00e9roul\u00e9s dans le\u00a0<a href=\"http:\/\/www.lefigaro.fr\/faits-divers\/paris-une-touriste-australienne-affirme-avoir-ete-violee-par-cinq-individus-dans-le-18e-arrondissement-20240722\" target=\"_blank\" data-fig-type=\"NewsFlash\" rel=\"noopener\" data-gtm-custom-categorie=\"navigation\" data-gtm-custom-action=\"crossclick\" data-gtm-custom-label=\"Contextuel\" data-gtm-event=\"customEventSPE\" data-fig-domain=\"LEFIGARO\">18e arrondissement<\/a>\u00a0de Paris, selon la source polici\u00e8re. Il fait l&rsquo;objet d&rsquo;un accueil provisoire conform\u00e9ment au protocole mis en place par le parquet de Paris dans un tel cas, a pr\u00e9cis\u00e9 le parquet.<\/p>\n","protected":false},"excerpt":{"rendered":"Selon une source polici\u00e8re, la femme pr\u00e9sente une dizaine de plaies au niveau du visage, du bras et&hellip;\n","protected":false},"author":2,"featured_media":316520,"comment_status":"","ping_status":"","sticky":false,"template":"","format":"standard","meta":{"footnotes":""},"categories":[1888],"tags":[11,1120,1777,674,1011,27,12,626,25],"class_list":{"0":"post-316519","1":"post","2":"type-post","3":"status-publish","4":"format-standard","5":"has-post-thumbnail","7":"category-paris","8":"tag-actualites","9":"tag-agression","10":"tag-eu","11":"tag-europe","12":"tag-fr","13":"tag-france","14":"tag-news","15":"tag-paris","16":"tag-republique-francaise"},"share_on_mastodon":{"url":"https:\/\/pubeurope.com\/@fr\/115022101450155120","error":""},"_links":{"self":[{"href":"https:\/\/www.europesays.com\/fr\/wp-json\/wp\/v2\/posts\/316519","targetHints":{"allow":["GET"]}}],"collection":[{"href":"https:\/\/www.europesays.com\/fr\/wp-json\/wp\/v2\/posts"}],"about":[{"href":"https:\/\/www.europesays.com\/fr\/wp-json\/wp\/v2\/types\/post"}],"author":[{"embeddable":true,"href":"https:\/\/www.europesays.com\/fr\/wp-json\/wp\/v2\/users\/2"}],"replies":[{"embeddable":true,"href":"https:\/\/www.europesays.com\/fr\/wp-json\/wp\/v2\/comments?post=316519"}],"version-history":[{"count":0,"href":"https:\/\/www.europesays.com\/fr\/wp-json\/wp\/v2\/posts\/316519\/revisions"}],"wp:featuredmedia":[{"embeddable":true,"href":"https:\/\/www.europesays.com\/fr\/wp-json\/wp\/v2\/media\/316520"}],"wp:attachment":[{"href":"https:\/\/www.europesays.com\/fr\/wp-json\/wp\/v2\/media?parent=316519"}],"wp:term":[{"taxonomy":"category","embeddable":true,"href":"https:\/\/www.europesays.com\/fr\/wp-json\/wp\/v2\/categories?post=316519"},{"taxonomy":"post_tag","embeddable":true,"href":"https:\/\/www.europesays.com\/fr\/wp-json\/wp\/v2\/tags?post=316519"}],"curies":[{"name":"wp","href":"https:\/\/api.w.org\/{rel}","templated":true}]}}