{"id":31652,"date":"2025-04-17T12:27:26","date_gmt":"2025-04-17T12:27:26","guid":{"rendered":"https:\/\/www.europesays.com\/fr\/31652\/"},"modified":"2025-04-17T12:27:26","modified_gmt":"2025-04-17T12:27:26","slug":"gilbert-brisbois-dans-lafter-foot-strasbourg-jouera-la-coupe-deurope-dans-son-stade-alsasports","status":"publish","type":"post","link":"https:\/\/www.europesays.com\/fr\/31652\/","title":{"rendered":"Gilbert Brisbois dans l&rsquo;After Foot : \u00ab\u00a0Strasbourg jouera la coupe d&rsquo;Europe dans son stade\u00a0\u00bb \u2014 Alsa&rsquo;Sports"},"content":{"rendered":"<p><strong>Dans l\u2019\u00e9mission \u00ab\u00a0l\u2019After Foot\u00a0\u00bb du lundi 14 avril, l\u2019animateur Gilbert Brisbois a relay\u00e9 une partie du message qu\u2019aurait adress\u00e9 Behdad Eghbali aux quelques membres des UB90 en marge de Strasbourg \u2013 Nice samedi dernier. <\/strong><\/p>\n<p>\u00ab\u00a0Moi je vous le dis clairement, Behdad Eghbali a dit aux supporters que Blue&amp;Co investira pour jouer l\u2019Europe tous les ans\u00a0\u00bb. L\u2019animateur Gilbert Brisbois a donn\u00e9, dans son \u00e9mission de lundi, la teneur des discussions entre l\u2019ultime d\u00e9cisionnaire de Blue&amp;Co et les quelques membres des Ultras Boys 90 pr\u00e9sents avant le match du Racing contre Nice. Il a tenu \u00e0 rassurer les sceptiques expliquant qu\u2019il y a quand m\u00eame \u00ab\u00a0une ambition affich\u00e9e et exprim\u00e9e aux supporters\u00a0\u00bb, et que les propri\u00e9taires am\u00e9ricains \u00ab\u00a0annoncent qu\u2019ils vont rester longtemps\u00a0\u00bb. <\/p>\n<p>Le journaliste de RMC a \u00e9galement \u00e9voqu\u00e9 la possibilit\u00e9 ou non pour le RCSA de disputer la coupe d\u2019Europe dans son stade, dont les travaux risqueraient selon certaines rumeurs de contraindre l\u2019\u00e9quipe \u00e0 jouer ailleurs. \u00ab\u00a0C\u2019est bidon\u00a0\u00bb a-t-il assur\u00e9 \u00e0 l\u2019antenne. \u00ab\u00a0Le message a \u00e9galement \u00e9t\u00e9 pass\u00e9 aux supporters : tout serait en ordre si les deux clubs sont amen\u00e9s \u00e0 jouer la m\u00eame coupe d\u2019Europe. Les travaux vont bien avancer cet \u00e9t\u00e9 et si Strasbourg est en coupe d\u2019Europe, il pourra jouer dans son stade\u00a0\u00bb. <\/p>\n<p>Avant de conclure sur le principe m\u00eame de la multipropri\u00e9t\u00e9 dans le football. \u00ab\u00a0Il y a de tout dans la multipropri\u00e9t\u00e9. Au milieu de tout \u00e7a, la situation de G\u00e9rone a traumatis\u00e9. Le mod\u00e8le du City Football Group a un peu touch\u00e9 ses limites, il est compliqu\u00e9 \u00e0 g\u00e9rer car il y a trop de clubs. G\u00e9rone a \u00e9t\u00e9 au top une ann\u00e9e et derri\u00e8re c\u2019\u00e9tait l\u2019\u00e9croulement total. Peut-\u00eatre que le mod\u00e8le vertueux consiste \u00e0 avoir deux ou trois clubs maximum\u00a0\u00bb. Pour rappel, le City Football Group contient 13 clubs de football dont Manchester City, G\u00e9rone et Troyes. <\/p>\n","protected":false},"excerpt":{"rendered":"Dans l\u2019\u00e9mission \u00ab\u00a0l\u2019After Foot\u00a0\u00bb du lundi 14 avril, l\u2019animateur Gilbert Brisbois a relay\u00e9 une partie du message qu\u2019aurait&hellip;\n","protected":false},"author":2,"featured_media":31653,"comment_status":"","ping_status":"","sticky":false,"template":"","format":"standard","meta":{"footnotes":""},"categories":[2820],"tags":[1111,11,1777,674,63,1011,27,775,66,12,4448,25,640],"class_list":{"0":"post-31652","1":"post","2":"type-post","3":"status-publish","4":"format-standard","5":"has-post-thumbnail","7":"category-strasbourg","8":"tag-actu","9":"tag-actualites","10":"tag-eu","11":"tag-europe","12":"tag-football","13":"tag-fr","14":"tag-france","15":"tag-grand-est","16":"tag-ligue-1","17":"tag-news","18":"tag-rc-strasbourg","19":"tag-republique-francaise","20":"tag-strasbourg"},"share_on_mastodon":{"url":"https:\/\/pubeurope.com\/@fr\/114353303947644316","error":""},"_links":{"self":[{"href":"https:\/\/www.europesays.com\/fr\/wp-json\/wp\/v2\/posts\/31652","targetHints":{"allow":["GET"]}}],"collection":[{"href":"https:\/\/www.europesays.com\/fr\/wp-json\/wp\/v2\/posts"}],"about":[{"href":"https:\/\/www.europesays.com\/fr\/wp-json\/wp\/v2\/types\/post"}],"author":[{"embeddable":true,"href":"https:\/\/www.europesays.com\/fr\/wp-json\/wp\/v2\/users\/2"}],"replies":[{"embeddable":true,"href":"https:\/\/www.europesays.com\/fr\/wp-json\/wp\/v2\/comments?post=31652"}],"version-history":[{"count":0,"href":"https:\/\/www.europesays.com\/fr\/wp-json\/wp\/v2\/posts\/31652\/revisions"}],"wp:featuredmedia":[{"embeddable":true,"href":"https:\/\/www.europesays.com\/fr\/wp-json\/wp\/v2\/media\/31653"}],"wp:attachment":[{"href":"https:\/\/www.europesays.com\/fr\/wp-json\/wp\/v2\/media?parent=31652"}],"wp:term":[{"taxonomy":"category","embeddable":true,"href":"https:\/\/www.europesays.com\/fr\/wp-json\/wp\/v2\/categories?post=31652"},{"taxonomy":"post_tag","embeddable":true,"href":"https:\/\/www.europesays.com\/fr\/wp-json\/wp\/v2\/tags?post=31652"}],"curies":[{"name":"wp","href":"https:\/\/api.w.org\/{rel}","templated":true}]}}