{"id":316521,"date":"2025-08-13T15:12:11","date_gmt":"2025-08-13T15:12:11","guid":{"rendered":"https:\/\/www.europesays.com\/fr\/316521\/"},"modified":"2025-08-13T15:12:11","modified_gmt":"2025-08-13T15:12:11","slug":"les-appels-whatsapp-et-telegram-vont-etre-restreints-en-russie","status":"publish","type":"post","link":"https:\/\/www.europesays.com\/fr\/316521\/","title":{"rendered":"Les appels WhatsApp et Telegram vont \u00eatre restreints en Russie"},"content":{"rendered":"<p>Fin juillet, le pr\u00e9sident russe, Vladimir Poutine, a sign\u00e9 une loi restreignant un peu plus la libert\u00e9 d\u2019expression. Ce nouveau texte pr\u00e9voit de punir les recherches sur internet de contenus class\u00e9s \u00ab\u00a0extr\u00e9mistes\u00a0\u00bb et interdit de faire la promotion des VPN (Virtual Private Network, R\u00e9seau Priv\u00e9 Virtuel en fran\u00e7ais), qui prot\u00e8ge ses utilisateurs en cryptant leurs donn\u00e9es, des syst\u00e8mes tr\u00e8s utilis\u00e9s en Russie pour contourner la censure.<\/p>\n<p>Depuis\u00a02024, la plateforme de vid\u00e9os YouTube n\u2019est accessible en Russie que via un VPN. Et depuis\u00a02022, les r\u00e9seaux sociaux Facebook et Instagram du groupe am\u00e9ricain Meta, d\u00e9clar\u00e9 \u00ab\u00a0extr\u00e9mistes\u00a0\u00bb en Russie, sont \u00e9galement bloqu\u00e9s.<\/p>\n<p>Le Kremlin restreint de mani\u00e8re drastique la libert\u00e9 de la presse et la libert\u00e9 d\u2019expression sur internet depuis le lancement de son <a href=\"https:\/\/www.rtbf.be\/dossier\/guerre-en-ukraine\" rel=\"nofollow noopener\" target=\"_blank\">offensive en Ukraine en\u00a02022<\/a>, en se focalisant de plus en plus sur des plateformes occidentales comme Google, Facebook, YouTube et X.<\/p>\n","protected":false},"excerpt":{"rendered":"Fin juillet, le pr\u00e9sident russe, Vladimir Poutine, a sign\u00e9 une loi restreignant un peu plus la libert\u00e9 d\u2019expression.&hellip;\n","protected":false},"author":2,"featured_media":316522,"comment_status":"","ping_status":"","sticky":false,"template":"","format":"standard","meta":{"footnotes":""},"categories":[1591],"tags":[11,1887,12,1885,1886,132],"class_list":{"0":"post-316521","1":"post","2":"type-post","3":"status-publish","4":"format-standard","5":"has-post-thumbnail","7":"category-russie","8":"tag-actualites","9":"tag-federation-de-russie","10":"tag-news","11":"tag-russia","12":"tag-russian-federation","13":"tag-russie"},"share_on_mastodon":{"url":"https:\/\/pubeurope.com\/@fr\/115022105423505622","error":""},"_links":{"self":[{"href":"https:\/\/www.europesays.com\/fr\/wp-json\/wp\/v2\/posts\/316521","targetHints":{"allow":["GET"]}}],"collection":[{"href":"https:\/\/www.europesays.com\/fr\/wp-json\/wp\/v2\/posts"}],"about":[{"href":"https:\/\/www.europesays.com\/fr\/wp-json\/wp\/v2\/types\/post"}],"author":[{"embeddable":true,"href":"https:\/\/www.europesays.com\/fr\/wp-json\/wp\/v2\/users\/2"}],"replies":[{"embeddable":true,"href":"https:\/\/www.europesays.com\/fr\/wp-json\/wp\/v2\/comments?post=316521"}],"version-history":[{"count":0,"href":"https:\/\/www.europesays.com\/fr\/wp-json\/wp\/v2\/posts\/316521\/revisions"}],"wp:featuredmedia":[{"embeddable":true,"href":"https:\/\/www.europesays.com\/fr\/wp-json\/wp\/v2\/media\/316522"}],"wp:attachment":[{"href":"https:\/\/www.europesays.com\/fr\/wp-json\/wp\/v2\/media?parent=316521"}],"wp:term":[{"taxonomy":"category","embeddable":true,"href":"https:\/\/www.europesays.com\/fr\/wp-json\/wp\/v2\/categories?post=316521"},{"taxonomy":"post_tag","embeddable":true,"href":"https:\/\/www.europesays.com\/fr\/wp-json\/wp\/v2\/tags?post=316521"}],"curies":[{"name":"wp","href":"https:\/\/api.w.org\/{rel}","templated":true}]}}