{"id":316527,"date":"2025-08-13T15:15:12","date_gmt":"2025-08-13T15:15:12","guid":{"rendered":"https:\/\/www.europesays.com\/fr\/316527\/"},"modified":"2025-08-13T15:15:12","modified_gmt":"2025-08-13T15:15:12","slug":"le-teletravail-et-les-salaries-britanniques-une-love-story-qui-se-poursuit","status":"publish","type":"post","link":"https:\/\/www.europesays.com\/fr\/316527\/","title":{"rendered":"le t\u00e9l\u00e9travail et les salari\u00e9s britanniques, une love story qui se poursuit"},"content":{"rendered":"<p class=\"article-p mdl\">Nos voisins britanniques ne finiront jamais de nous surprendre. La plateforme CV Genius, d\u00e9di\u00e9e \u00e0 la gestion de carri\u00e8re, d\u00e9voile que la moiti\u00e9 des salari\u00e9s britanniques, 51% pr\u00e9cis\u00e9ment, seraient pr\u00eats \u00e0 accepter une diminution de salaire pour travailler exclusivement \u00e0 distance. 53%\u00a0<a class=\"link\" href=\"https:\/\/www.rtl.fr\/actu\/international\/royaume-uni-le-gouvernement-va-abaisser-l-age-du-droit-de-vote-a-16-ans-7900524250\" target=\"_blank\" rel=\"noopener\">des Britanniques<\/a>\u00a0en font une priorit\u00e9, <strong>quitte \u00e0 \u00eatre tenus \u00e0 l&rsquo;\u00e9cart des promotions<\/strong>.<\/p>\n<p class=\"article-p mdl\">En nous rendant dans\u00a0<a class=\"link\" href=\"https:\/\/www.rtl.fr\/actu\/justice-faits-divers\/marie-s-infiltre-dit-avoir-ete-chassee-d-un-cafe-a-marseille-parce-que-juive-7900526650\" target=\"_blank\" rel=\"noopener\">un petit caf\u00e9<\/a>\u00a0de quartier, nous confirmons <strong>cette soif de libert\u00e9 des salari\u00e9s anglais<\/strong> : travailler de chez soi ou d&rsquo;un caf\u00e9, cela vaut de l&rsquo;or pour Maddy, assise en terrasse, son petit chien sur les genoux.<\/p>\n<p class=\"article-p mdl\">Elle est avocate et elle\u00a0<a class=\"link\" href=\"https:\/\/www.rtl.fr\/actu\/economie-consommation\/edito-teletravail-est-on-en-train-de-faire-machine-arriere-7900519052\" target=\"_blank\" rel=\"noopener\">ne reviendrait en pr\u00e9sentiel 5 jours<\/a>\u00a0par semaine pour rien au monde, affirme-t-elle au micro de RTL : \u00ab\u00a0Nous travaillons tous pour pouvoir vivre. Et si cela signifie que vous ne pouvez pas vivre votre vie efficacement, je comprends que les gens choisissent un autre emploi.\u00a0\u00bb<\/p>\n<p class=\"article-p mdl\">En face d&rsquo;elle, Sam travaille dans la fonction publique. Son avis est, quant \u00e0 lui, davantage nuanc\u00e9 : \u00ab\u00a0Je ne pourrais probablement pas me permettre une baisse de salaire, mais lorsque je cherche un nouvel emploi, mieux r\u00e9mun\u00e9r\u00e9 que celui que j&rsquo;ai actuellement, mais qui exigerait 5 jours de pr\u00e9sence au bureau, je ne l&rsquo;accepterais pas.\u00a0\u00bb<\/p>\n<p>            Le t\u00e9l\u00e9travail, \u00ab\u00a0une question de compromis\u00a0\u00bb<\/p>\n<p class=\"article-p mdl\">Tom lui aussi appr\u00e9cie la flexibilit\u00e9, mais il se demande \u00eatre en t\u00e9l\u00e9travail n&rsquo;est pas un pi\u00e8ge pour \u00ab\u00a0travailler davantage\u00a0\u00bb : \u00ab\u00a0Je peux me r\u00e9veiller, commencer \u00e0 travailler, puis finir plus tard. C&rsquo;est une question de compromis.\u00a0\u00bb Mais ce qui est \u00ab\u00a0\u00e9vident\u00a0\u00bb pour Tom, est la possibilit\u00e9 \u00ab\u00a0faire des \u00e9conomies\u00a0\u00bb en ne se rendant pas au bureau \u00ab\u00a0en termes de transport et de repas.\u00a0\u00bb<\/p>\n<p class=\"article-p mdl\">Pendant le Covid, une <strong>compagnie londonienne avait ferm\u00e9 tous ses bureaux<\/strong> pour \u00e9conomiser de l&rsquo;argent, obligeant le travail de chez soi depuis. D\u00e9sormais, \u00ab\u00a0une fois par mois, on essaie de r\u00e9server une salle dans le centre de Londres\u00a0\u00bb, pr\u00e9sente un de ses collaborateurs, tout en reconnaissant que lors de leur retrouvaille mensuelle \u00ab\u00a0on ne travaille pas beaucoup, on a tendance \u00e0 discuter, puis aller au pub.\u00a0\u00bb<\/p>\n<p class=\"article-p mdl\">La conclusion para\u00eet toute trouv\u00e9e : travailler \u00e0 la maison, c&rsquo;est un peu comme l&rsquo;alcool. Cela peut \u00eatre bien mais toujours avec mod\u00e9ration.<\/p>\n<p>    La r\u00e9daction vous recommande<\/p>\n<p class=\"s-newsletter__title\">\n                L\u2019actualit\u00e9 par la r\u00e9daction de RTL dans votre bo\u00eete mail.\n            <\/p>\n<p class=\"s-newsletter__subtitle\">\n                Gr\u00e2ce \u00e0 votre compte RTL abonnez-vous \u00e0 la newsletter RTL info pour suivre toute l&rsquo;actualit\u00e9 au quotidien\n            <\/p>\n<p>\n                                    Lire la suite\n                                <\/p>\n","protected":false},"excerpt":{"rendered":"Nos voisins britanniques ne finiront jamais de nous surprendre. La plateforme CV Genius, d\u00e9di\u00e9e \u00e0 la gestion de&hellip;\n","protected":false},"author":2,"featured_media":316528,"comment_status":"","ping_status":"","sticky":false,"template":"","format":"standard","meta":{"footnotes":""},"categories":[1588],"tags":[11,4708,1777,674,107,4534,12,362,473,1853,11254,3847,1851,1850,1852],"class_list":{"0":"post-316527","1":"post","2":"type-post","3":"status-publish","4":"format-standard","5":"has-post-thumbnail","7":"category-royaume-uni","8":"tag-actualites","9":"tag-angleterre","10":"tag-eu","11":"tag-europe","12":"tag-fil-info","13":"tag-londres","14":"tag-news","15":"tag-replay","16":"tag-royaume-uni","17":"tag-royaume-uni-de-grande-bretagne-et-dirlande-du-nord","18":"tag-salaires","19":"tag-travail","20":"tag-uk","21":"tag-united-kingdom","22":"tag-united-kingdom-of-great-britain-and-northern-ireland"},"share_on_mastodon":{"url":"https:\/\/pubeurope.com\/@fr\/115022117160787400","error":""},"_links":{"self":[{"href":"https:\/\/www.europesays.com\/fr\/wp-json\/wp\/v2\/posts\/316527","targetHints":{"allow":["GET"]}}],"collection":[{"href":"https:\/\/www.europesays.com\/fr\/wp-json\/wp\/v2\/posts"}],"about":[{"href":"https:\/\/www.europesays.com\/fr\/wp-json\/wp\/v2\/types\/post"}],"author":[{"embeddable":true,"href":"https:\/\/www.europesays.com\/fr\/wp-json\/wp\/v2\/users\/2"}],"replies":[{"embeddable":true,"href":"https:\/\/www.europesays.com\/fr\/wp-json\/wp\/v2\/comments?post=316527"}],"version-history":[{"count":0,"href":"https:\/\/www.europesays.com\/fr\/wp-json\/wp\/v2\/posts\/316527\/revisions"}],"wp:featuredmedia":[{"embeddable":true,"href":"https:\/\/www.europesays.com\/fr\/wp-json\/wp\/v2\/media\/316528"}],"wp:attachment":[{"href":"https:\/\/www.europesays.com\/fr\/wp-json\/wp\/v2\/media?parent=316527"}],"wp:term":[{"taxonomy":"category","embeddable":true,"href":"https:\/\/www.europesays.com\/fr\/wp-json\/wp\/v2\/categories?post=316527"},{"taxonomy":"post_tag","embeddable":true,"href":"https:\/\/www.europesays.com\/fr\/wp-json\/wp\/v2\/tags?post=316527"}],"curies":[{"name":"wp","href":"https:\/\/api.w.org\/{rel}","templated":true}]}}