{"id":316529,"date":"2025-08-13T15:17:21","date_gmt":"2025-08-13T15:17:21","guid":{"rendered":"https:\/\/www.europesays.com\/fr\/316529\/"},"modified":"2025-08-13T15:17:21","modified_gmt":"2025-08-13T15:17:21","slug":"le-ministre-allemand-de-la-defense-veut-retablir-le-service-militaire-obligatoire-pour-les-hommes","status":"publish","type":"post","link":"https:\/\/www.europesays.com\/fr\/316529\/","title":{"rendered":"Le ministre allemand de la D\u00e9fense veut r\u00e9tablir le service militaire obligatoire pour les hommes"},"content":{"rendered":"<p style=\"text-align: left\">L\u2019Allemagne avait aboli la conscription obligatoire en 2011, mais le ministre de la D\u00e9fense, Boris Pistorius, <a href=\"https:\/\/www.euractiv.fr\/section\/international\/news\/lallemagne-lance-un-nouveau-modele-de-service-militaire-pour-mettre-en-place-la-conscription-en-2025\/\" target=\"_blank\" rel=\"noopener nofollow\">a demand\u00e9<\/a> son r\u00e9tablissement sous le gouvernement pr\u00e9c\u00e9dent d\u2019Olaf Scholz (SPD-FDP-Verts) et r\u00e9it\u00e8re cette ambition sous le nouveau gouvernement de Friedrich Merz (CDU\/CSU-SPD). Il invoque la n\u00e9cessit\u00e9 de pr\u00e9parer l\u2019Allemagne \u00e0 la guerre compte tenu de la menace croissante que repr\u00e9sente la Russie.<\/p>\n<p style=\"text-align: left\">Le syst\u00e8me propos\u00e9, inspir\u00e9 du mod\u00e8le su\u00e9dois, reposera dans un premier temps sur le volontariat, mais comportera des \u00e9l\u00e9ments obligatoires, a rapport\u00e9 lundi\u00a07\u00a0juillet le Spiegel.<\/p>\n<p style=\"text-align: left\">Le projet pr\u00e9voit que tous les hommes \u00e2g\u00e9s de 18 ans, n\u00e9s apr\u00e8s le 31 d\u00e9cembre 2007, devront remplir un questionnaire en ligne d\u00e9taillant leurs informations personnelles et leur int\u00e9r\u00eat pour le service militaire, puis seront invit\u00e9s \u00e0 se pr\u00e9senter \u00e0 des entretiens officiels en personne, avant d\u2019\u00eatre \u00e9ventuellement appel\u00e9s sous les drapeaux.<\/p>\n<p style=\"text-align: left\">Si le nombre de volontaires est insuffisant, le parlement allemand pourra autoriser le service militaire obligatoire en fonction des besoins de la d\u00e9fense nationale.<\/p>\n<p style=\"text-align: left\">Boris Pistorius esp\u00e8re compter quelque 30\u2009000\u00a0volontaires par an d\u2019ici 2029, avec de meilleures conditions et une r\u00e9mun\u00e9ration mensuelle de plus de 2\u2009000\u00a0euros, soit une augmentation de 80\u00a0%. Le projet de loi fixe l\u2019effectif requis en temps de paix \u00e0 203\u2009000\u00a0soldats, contre 181\u2009000 actuellement.<\/p>\n<p style=\"text-align: left\">Mais le ministre a pr\u00e9c\u00e9demment d\u00e9clar\u00e9 que les forces arm\u00e9es allemandes devaient \u00eatre renforc\u00e9es d\u2019environ 60\u2009000\u00a0soldats, conform\u00e9ment aux nouvelles exigences de l\u2019OTAN en mati\u00e8re de capacit\u00e9s. Il souhaite \u00e9galement que la nouvelle conscription contribue \u00e0 porter le nombre de r\u00e9servistes \u00e0 200\u2009000.<\/p>\n<p>Points d\u2019achoppement<\/p>\n<p style=\"text-align: left\">La d\u00e9cision d\u2019introduire des \u00e9l\u00e9ments obligatoires est tr\u00e8s controvers\u00e9e. La tentative de Boris Pistorius d\u2019introduire une telle loi depuis 2023 a \u00e9chou\u00e9 en raison de la forte opposition de son propre parti, le Parti social-d\u00e9mocrate d\u2019Allemagne (SPD), et du Parti lib\u00e9ral-d\u00e9mocrate (FDP) \u2014 tous deux membres du pr\u00e9c\u00e9dent gouvernement.<\/p>\n<p style=\"text-align: left\">L\u2019Union chr\u00e9tienne-d\u00e9mocrate (CDU) de Friedrich Merz est favorable au service obligatoire, mais le SPD \u2014 membre de la coalition \u2014 reste sceptique. En juin, Boris Pistorius <a href=\"https:\/\/parteitag.spd.de\/fileadmin\/parteitag\/Dokumente\/Beschluesse_oBPT2025\/Beschlussbuch_oBPT25.pdf\" target=\"_blank\" rel=\"noopener nofollow\">a pu \u00e9viter de justesse<\/a> une motion des jeunes du parti qui aurait appel\u00e9 \u00e0 s\u2019opposer \u00e0 tout service militaire obligatoire.<\/p>\n<p style=\"text-align: left\">Le cabinet devrait examiner la nouvelle proposition en ao\u00fbt, Boris Pistorius visant une mise en \u0153uvre d\u00e9but\u00a02026.<\/p>\n<p><img loading=\"lazy\" decoding=\"async\" width=\"800\" height=\"600\" src=\"https:\/\/www.europesays.com\/fr\/wp-content\/uploads\/2025\/08\/12292726-800x600.jpg\" class=\"attachment-4x3 size-4x3 wp-post-image ea-media-unrolled ea-media-formatted img-responsive\" alt=\"\"\/><\/p>\n","protected":false},"excerpt":{"rendered":"L\u2019Allemagne avait aboli la conscription obligatoire en 2011, mais le ministre de la D\u00e9fense, Boris Pistorius, a demand\u00e9&hellip;\n","protected":false},"author":2,"featured_media":316530,"comment_status":"","ping_status":"","sticky":false,"template":"","format":"standard","meta":{"footnotes":""},"categories":[1587],"tags":[11,672,1804,1805,1803,1777,674,1801,12,1802],"class_list":{"0":"post-316529","1":"post","2":"type-post","3":"status-publish","4":"format-standard","5":"has-post-thumbnail","7":"category-allemagne","8":"tag-actualites","9":"tag-allemagne","10":"tag-bundesrepublik-deutschland","11":"tag-de","12":"tag-deutschland","13":"tag-eu","14":"tag-europe","15":"tag-germany","16":"tag-news","17":"tag-republique-federale-dallemagne"},"share_on_mastodon":{"url":"https:\/\/pubeurope.com\/@fr\/115022125184060219","error":""},"_links":{"self":[{"href":"https:\/\/www.europesays.com\/fr\/wp-json\/wp\/v2\/posts\/316529","targetHints":{"allow":["GET"]}}],"collection":[{"href":"https:\/\/www.europesays.com\/fr\/wp-json\/wp\/v2\/posts"}],"about":[{"href":"https:\/\/www.europesays.com\/fr\/wp-json\/wp\/v2\/types\/post"}],"author":[{"embeddable":true,"href":"https:\/\/www.europesays.com\/fr\/wp-json\/wp\/v2\/users\/2"}],"replies":[{"embeddable":true,"href":"https:\/\/www.europesays.com\/fr\/wp-json\/wp\/v2\/comments?post=316529"}],"version-history":[{"count":0,"href":"https:\/\/www.europesays.com\/fr\/wp-json\/wp\/v2\/posts\/316529\/revisions"}],"wp:featuredmedia":[{"embeddable":true,"href":"https:\/\/www.europesays.com\/fr\/wp-json\/wp\/v2\/media\/316530"}],"wp:attachment":[{"href":"https:\/\/www.europesays.com\/fr\/wp-json\/wp\/v2\/media?parent=316529"}],"wp:term":[{"taxonomy":"category","embeddable":true,"href":"https:\/\/www.europesays.com\/fr\/wp-json\/wp\/v2\/categories?post=316529"},{"taxonomy":"post_tag","embeddable":true,"href":"https:\/\/www.europesays.com\/fr\/wp-json\/wp\/v2\/tags?post=316529"}],"curies":[{"name":"wp","href":"https:\/\/api.w.org\/{rel}","templated":true}]}}