{"id":316533,"date":"2025-08-13T15:19:12","date_gmt":"2025-08-13T15:19:12","guid":{"rendered":"https:\/\/www.europesays.com\/fr\/316533\/"},"modified":"2025-08-13T15:19:12","modified_gmt":"2025-08-13T15:19:12","slug":"ces-elites-qui-construisent-leurope-sur-des-mensonges-pseudo-vertueux","status":"publish","type":"post","link":"https:\/\/www.europesays.com\/fr\/316533\/","title":{"rendered":"Ces \u00e9lites qui construisent l\u2019Europe sur des mensonges pseudo vertueux"},"content":{"rendered":"<p>Piliers<\/p>\n<p>Un an apr\u00e8s 2024, la fracture entre l\u2019Europe officielle et l\u2019autre Europe s\u2019\u00e9largit: pol\u00e9mique des affiches de Cologne, vote de confort pour Ursula von der Leyen gr\u00e2ce aux centristes, \u00e0 la gauche et aux Verts, diabolisation des opposants qualifi\u00e9s d\u2019\u00ab extr\u00e9mistes \u00bb. Pour beaucoup, le pouvoir demande d\u2019ignorer \u00ab l\u2019\u00e9vidence de nos yeux et de nos oreilles \u00bb, \u00e0 la mani\u00e8re d\u2019Orwell, tandis que fermiers et travailleurs expriment aux urnes et sur le terrain leur d\u00e9fiance. La demande est claire: cesser les \u00ab bons mensonges \u00bb et affronter les v\u00e9rit\u00e9s dures qui bousculent la vie de millions d\u2019Europ\u00e9ens.<\/p>\n","protected":false},"excerpt":{"rendered":"Piliers Un an apr\u00e8s 2024, la fracture entre l\u2019Europe officielle et l\u2019autre Europe s\u2019\u00e9largit: pol\u00e9mique des affiches de&hellip;\n","protected":false},"author":2,"featured_media":316534,"comment_status":"","ping_status":"","sticky":false,"template":"","format":"standard","meta":{"footnotes":""},"categories":[1586],"tags":[11,2360,1777,674,1779,1011,27,14503,12,316,25,1778,364,2544],"class_list":{"0":"post-316533","1":"post","2":"type-post","3":"status-publish","4":"format-standard","5":"has-post-thumbnail","7":"category-europe","8":"tag-actualites","9":"tag-bruxelles","10":"tag-eu","11":"tag-europe","12":"tag-european-union","13":"tag-fr","14":"tag-france","15":"tag-mensonges","16":"tag-news","17":"tag-politique","18":"tag-republique-francaise","19":"tag-ue","20":"tag-union-europeenne","21":"tag-ursula-von-der-leyen"},"share_on_mastodon":{"url":"https:\/\/pubeurope.com\/@fr\/115022132930747013","error":""},"_links":{"self":[{"href":"https:\/\/www.europesays.com\/fr\/wp-json\/wp\/v2\/posts\/316533","targetHints":{"allow":["GET"]}}],"collection":[{"href":"https:\/\/www.europesays.com\/fr\/wp-json\/wp\/v2\/posts"}],"about":[{"href":"https:\/\/www.europesays.com\/fr\/wp-json\/wp\/v2\/types\/post"}],"author":[{"embeddable":true,"href":"https:\/\/www.europesays.com\/fr\/wp-json\/wp\/v2\/users\/2"}],"replies":[{"embeddable":true,"href":"https:\/\/www.europesays.com\/fr\/wp-json\/wp\/v2\/comments?post=316533"}],"version-history":[{"count":0,"href":"https:\/\/www.europesays.com\/fr\/wp-json\/wp\/v2\/posts\/316533\/revisions"}],"wp:featuredmedia":[{"embeddable":true,"href":"https:\/\/www.europesays.com\/fr\/wp-json\/wp\/v2\/media\/316534"}],"wp:attachment":[{"href":"https:\/\/www.europesays.com\/fr\/wp-json\/wp\/v2\/media?parent=316533"}],"wp:term":[{"taxonomy":"category","embeddable":true,"href":"https:\/\/www.europesays.com\/fr\/wp-json\/wp\/v2\/categories?post=316533"},{"taxonomy":"post_tag","embeddable":true,"href":"https:\/\/www.europesays.com\/fr\/wp-json\/wp\/v2\/tags?post=316533"}],"curies":[{"name":"wp","href":"https:\/\/api.w.org\/{rel}","templated":true}]}}