{"id":316540,"date":"2025-08-13T15:23:14","date_gmt":"2025-08-13T15:23:14","guid":{"rendered":"https:\/\/www.europesays.com\/fr\/316540\/"},"modified":"2025-08-13T15:23:14","modified_gmt":"2025-08-13T15:23:14","slug":"david-ravetto-une-fin-de-saison-a-rebonds","status":"publish","type":"post","link":"https:\/\/www.europesays.com\/fr\/316540\/","title":{"rendered":"David Ravetto, une fin de saison \u00e0 rebond(s)"},"content":{"rendered":"<p>Cette mauvaise passe a eu de facto des r\u00e9percussions, des effets collat\u00e9raux, comme on dit de nos jours. David Ravetto s\u2019est s\u00e9par\u00e9 en fin d\u2019ann\u00e9e derni\u00e8re de <strong>Robin Cocq<\/strong>, <strong>Matthieu David<\/strong> et <strong>Adrien Leurent<\/strong>. Il a r\u00e9duit son staff autour de Benoit Ducoulombier et de <strong>Makis Chamalidis<\/strong>, son coach mental. Pour la pr\u00e9paration physique, il b\u00e9n\u00e9ficie de l\u2019apport des trois sp\u00e9cialistes mis \u00e0 la disposition chaque semaine de tous les joueurs du DP World Tour. \u00a0<\/p>\n<p>119e \u00e0 la Race to Duba\u00ef, ses objectifs de fin de saison demeurent malgr\u00e9 tout \u00e9lev\u00e9s. De retour \u00e0 la comp\u00e9tition la semaine prochaine pour le <strong>British Masters<\/strong> sur le fameux trac\u00e9 du <strong>Belfry<\/strong>, il a l\u2019intention de jouer les neuf tournois de la saison r\u00e9guli\u00e8re encore au programme.<\/p>\n<p>\u00ab\u00a0Je vais un peu charbonner, annonce-t-il dans un sourire. Cela va \u00eatre dix grosses semaines. Mais bon, il se peut que je r\u00e9organise mon calendrier si je signe un bon r\u00e9sultat. L\u00e0, je prends toutes les opportunit\u00e9s et j\u2019y vais \u00e0 fond. C\u2019est pour cela que j\u2019ai fait trois semaines de break. Je n\u2019ai pas touch\u00e9 les clubs pendant deux semaines et demi. Depuis f\u00e9vrier, je g\u00e8re aussi une cheville droite qui est un peu fragile. Et qui m\u2019emb\u00eate un peu. Si elle tient le coup, je suis pr\u00eat. Il y a vraiment un bon coup \u00e0 jouer sur cette p\u00e9riode \u00e0 venir. Je suis assez excit\u00e9 parce que ce sont les tournois les plus relev\u00e9s de l\u2019ann\u00e9e, les plus sympas aussi. \u00c0 part peut-\u00eatre l\u2019Inde et la Cor\u00e9e, mais <strong>Crans<\/strong>, l\u2019<strong>Open de France<\/strong>, <strong>Wentworth<\/strong>, l\u2019<strong>Irish<\/strong>, c\u2019est top de les jouer.\u00a0\u00bb<\/p>\n<p>\u00ab\u00a0Le top 70, qui me permettrait d\u2019\u00eatre \u00e0 <strong>Abu Dhabi<\/strong> d\u00e9but novembre, me semble largement r\u00e9alisable, conclut-il. Il va falloir toutefois un changement d\u2019attitude sur le parcours. Les phases finales, j\u2019ai eu la chance de les jouer l\u2019an pass\u00e9 et ce sont des tournois \u00e0 part. Aller les chercher pour la 2e ann\u00e9e, ce serait bien.\u00a0\u00bb<\/p>\n","protected":false},"excerpt":{"rendered":"Cette mauvaise passe a eu de facto des r\u00e9percussions, des effets collat\u00e9raux, comme on dit de nos jours.&hellip;\n","protected":false},"author":2,"featured_media":316541,"comment_status":"","ping_status":"","sticky":false,"template":"","format":"standard","meta":{"footnotes":""},"categories":[1418],"tags":[1011,27,1472,60],"class_list":{"0":"post-316540","1":"post","2":"type-post","3":"status-publish","4":"format-standard","5":"has-post-thumbnail","7":"category-golf","8":"tag-fr","9":"tag-france","10":"tag-golf","11":"tag-sports"},"share_on_mastodon":{"url":"https:\/\/pubeurope.com\/@fr\/115022148619205486","error":""},"_links":{"self":[{"href":"https:\/\/www.europesays.com\/fr\/wp-json\/wp\/v2\/posts\/316540","targetHints":{"allow":["GET"]}}],"collection":[{"href":"https:\/\/www.europesays.com\/fr\/wp-json\/wp\/v2\/posts"}],"about":[{"href":"https:\/\/www.europesays.com\/fr\/wp-json\/wp\/v2\/types\/post"}],"author":[{"embeddable":true,"href":"https:\/\/www.europesays.com\/fr\/wp-json\/wp\/v2\/users\/2"}],"replies":[{"embeddable":true,"href":"https:\/\/www.europesays.com\/fr\/wp-json\/wp\/v2\/comments?post=316540"}],"version-history":[{"count":0,"href":"https:\/\/www.europesays.com\/fr\/wp-json\/wp\/v2\/posts\/316540\/revisions"}],"wp:featuredmedia":[{"embeddable":true,"href":"https:\/\/www.europesays.com\/fr\/wp-json\/wp\/v2\/media\/316541"}],"wp:attachment":[{"href":"https:\/\/www.europesays.com\/fr\/wp-json\/wp\/v2\/media?parent=316540"}],"wp:term":[{"taxonomy":"category","embeddable":true,"href":"https:\/\/www.europesays.com\/fr\/wp-json\/wp\/v2\/categories?post=316540"},{"taxonomy":"post_tag","embeddable":true,"href":"https:\/\/www.europesays.com\/fr\/wp-json\/wp\/v2\/tags?post=316540"}],"curies":[{"name":"wp","href":"https:\/\/api.w.org\/{rel}","templated":true}]}}