{"id":316542,"date":"2025-08-13T15:25:16","date_gmt":"2025-08-13T15:25:16","guid":{"rendered":"https:\/\/www.europesays.com\/fr\/316542\/"},"modified":"2025-08-13T15:25:16","modified_gmt":"2025-08-13T15:25:16","slug":"vunipola-saili-bouthier-vannes-aura-t-il-un-xv-de-depart-taille-pour-survoler-la-prod2","status":"publish","type":"post","link":"https:\/\/www.europesays.com\/fr\/316542\/","title":{"rendered":"Vunipola, Saili, Bouthier\u2026 Vannes aura-t-il un XV de d\u00e9part taill\u00e9 pour survoler la ProD2 ?"},"content":{"rendered":"<p>La semaine prochaine, le RC <a href=\"https:\/\/www.lerugbynistere.fr\/clubs\/rc-vannes.php\" ui-sref=\"app.team({teamId: 126})\" alt=\"Vannes\" data-route=\"app.team\" data-param=\"teamId\" data-id=\"126\" rel=\"nofollow noopener\" target=\"_blank\">Vannes<\/a> jouera un match amical de gala face au <a href=\"https:\/\/www.lerugbynistere.fr\/clubs\/le-stade-toulousain.php\" ui-sref=\"app.team({teamId: 34})\" alt=\"Stade Toulousain\" data-route=\"app.team\" data-param=\"teamId\" data-id=\"34\" rel=\"nofollow noopener\" target=\"_blank\">Stade Toulousain<\/a>, en <a href=\"https:\/\/www.lerugbynistere.fr\/amateur\/bretagne\/\" ui-sref=\"app.committee\" alt=\"Bretagne\" data-route=\"app.committee\" data-param=\"committeeId\" data-id=\"7\" rel=\"nofollow noopener\" target=\"_blank\">Bretagne<\/a>. La meilleure des oppositions pour se pr\u00e9parer \u00e0 la reprise du championnat, qui aura lieu le 29 ao\u00fbt.<\/p>\n<p><a class=\"inserer_lien_article\" href=\"https:\/\/www.lerugbynistere.fr\/news\/rugby-17-000-fans-a-vannes-stade-toulousain-match-amical-exceptionnel-en-bretagne-1008251728.php\" data-id=\"45790\" data-route=\"app.article\" data-param=\"articleId\" ui-sref=\"app.article({articleId: 45790})\" alt=\"RUGBY. 17 000 fans \u00e0 Vannes - Stade Toulousain, match amical exceptionnel en Bretagne\" title=\"RUGBY. 17 000 fans \u00e0 Vannes - Stade Toulousain, match amical exceptionnel en Bretagne\" rel=\"nofollow noopener\" target=\"_blank\"><img decoding=\"async\" src=\"https:\/\/www.europesays.com\/fr\/wp-content\/uploads\/2025\/08\/rcv-st-10-08-25-1099.jpg\" alt=\"RUGBY. 17 000 fans \u00e0 Vannes - Stade Toulousain, match amical exceptionnel en Bretagne\"\/>RUGBY. 17 000 fans \u00e0 Vannes &#8211; Stade Toulousain, match amical exceptionnel en Bretagne<\/a><\/p>\n<p>A ce propos, le club breton saura-t-il surfer sur son aventure en <a href=\"https:\/\/www.lerugbynistere.fr\/championnats\/top-14\" ui-sref=\"app.competition({competitionId: 1})\" alt=\"Top 14\" data-route=\"app.competition\" data-param=\"competitionId\" data-id=\"1\" rel=\"nofollow noopener\" target=\"_blank\">Top 14<\/a> pour de nouveau jouer les gros bras en <a href=\"https:\/\/www.lerugbynistere.fr\/championnats\/pro-d2\" ui-sref=\"app.competition({competitionId: 2})\" alt=\"Pro D2\" data-route=\"app.competition\" data-param=\"competitionId\" data-id=\"2\" rel=\"nofollow noopener\" target=\"_blank\">Pro D2<\/a> ? Dans ce championnat long et exigeant, les Morbihannais devront \u00e9videmment faire face \u00e0 une concurrence de plus en plus dense en deuxi\u00e8me division, avec notamment des formations lourdement arm\u00e9es, comme <a href=\"https:\/\/www.lerugbynistere.fr\/amateur\/provence\/\" ui-sref=\"app.committee\" alt=\"Provence\" data-route=\"app.committee\" data-param=\"committeeId\" data-id=\"33\" rel=\"nofollow noopener\" target=\"_blank\">Provence<\/a>, Rugby, <a href=\"https:\/\/www.lerugbynistere.fr\/clubs\/fcg-grenoble.php\" ui-sref=\"app.team({teamId: 38})\" alt=\"Grenoble\" data-route=\"app.team\" data-param=\"teamId\" data-id=\"38\" rel=\"nofollow noopener\" target=\"_blank\">Grenoble<\/a>, <a href=\"https:\/\/www.lerugbynistere.fr\/clubs\/cabcl-brive.php\" ui-sref=\"app.team({teamId: 35})\" alt=\"Brive\" data-route=\"app.team\" data-param=\"teamId\" data-id=\"35\" rel=\"nofollow noopener\" target=\"_blank\">Brive<\/a>, ou encore la surprenante \u00e9quipe de <a href=\"https:\/\/www.lerugbynistere.fr\/clubs\/us-colomiers.php\" ui-sref=\"app.team({teamId: 48})\" alt=\"Colomiers\" data-route=\"app.team\" data-param=\"teamId\" data-id=\"48\" rel=\"nofollow noopener\" target=\"_blank\">Colomiers<\/a>.<\/p>\n<p>Pour cela, Vannes va conserver une solide \u00e9quipe. Si quelques d\u00e9parts importants sont naturellement \u00e0 d\u00e9plorer suite \u00e0 l\u2019intersaison (Rayasi, Vili, Moukoro, Van der Meerwe\u2026), le recrutement a aussi \u00e9t\u00e9 efficace, entre l\u2019engouement autour du club et le projet.<\/p>\n<p>Une \u00e9quipe exp\u00e9riment\u00e9e<\/p>\n<p>C\u2019est ainsi que le champion de Pro D2 2024 s\u2019est offert le droitier sud-africain Nick Schonert, qui devrait former un duo de piliers solide comme menhir avec <a href=\"https:\/\/www.lerugbynistere.fr\/fiches-joueurs\/mako-vunipola.php\" ui-sref=\"app.player({playerId: 92})\" alt=\"Mako Vunipola\" data-route=\"app.player\" data-param=\"playerId\" data-id=\"92\" rel=\"nofollow noopener\" target=\"_blank\">Mako Vunipola<\/a>. Au talonnage, l\u2019arriv\u00e9e de l\u2019exp\u00e9riment\u00e9 \u00e9cossais Dave Cherry n\u2019est pas anodine non plus.<\/p>\n<p>Ailleurs, notons la venue du prometteur <a href=\"https:\/\/www.lerugbynistere.fr\/fiches-joueurs\/thomas-geffre.php\" ui-sref=\"app.player({playerId: 8216})\" alt=\"Thomas Geffr\u00e9\" data-route=\"app.player\" data-param=\"playerId\" data-id=\"8216\" rel=\"nofollow noopener\" target=\"_blank\">Thomas Geffr\u00e9<\/a>, pari du recrutement breton, lui qui d\u00fb se forger pendant plusieurs saisons en F\u00e9d\u00e9rale 1 avant de pouvoir grimper en <a href=\"https:\/\/www.lerugbynistere.fr\/championnats\/nationale\" ui-sref=\"app.competition({competitionId: 80})\" alt=\"Nationale\" data-route=\"app.competition\" data-param=\"competitionId\" data-id=\"80\" rel=\"nofollow noopener\" target=\"_blank\">Nationale<\/a> 2 puis 1. En provenance de Langon, le g\u00e9ant (2m02 pour 110kg) va devoir compenser son manque de puissance en ProD2. Mais son habilet\u00e9 technique, son sens du placement et sa capacit\u00e9 de d\u00e9placement pourraient grandement l\u2019y aider.<\/p>\n<p><a class=\"inserer_lien_article\" href=\"https:\/\/www.lerugbynistere.fr\/news\/video-debuts-a-17-ans-10-essais-en-9-matchs-qui-est-ce-dimitri-delibes-anglais-qui-debarque-a-vannes-0907251423.php\" data-id=\"45511\" data-route=\"app.article\" data-param=\"articleId\" ui-sref=\"app.article({articleId: 45511})\" alt=\"VID\u00c9O. D\u00e9buts \u00e0 17 ans, 10 essais en 9 matchs : qui est ce Dimitri Delibes anglais qui d\u00e9barque \u00e0 Vannes ?\" title=\"VID\u00c9O. D\u00e9buts \u00e0 17 ans, 10 essais en 9 matchs : qui est ce Dimitri Delibes anglais qui d\u00e9barque \u00e0 Vannes ?\" rel=\"nofollow noopener\" target=\"_blank\"><img decoding=\"async\" src=\"https:\/\/www.europesays.com\/fr\/wp-content\/uploads\/2025\/08\/yt-09-07-25-6067.jpg\" alt=\"VID\u00c9O. D\u00e9buts \u00e0 17 ans, 10 essais en 9 matchs : qui est ce Dimitri Delibes anglais qui d\u00e9barque \u00e0 Vannes ?\"\/>VID\u00c9O. D\u00e9buts \u00e0 17 ans, 10 essais en 9 matchs : qui est ce Dimitri Delibes anglais qui d\u00e9barque \u00e0 Vannes ?<\/a><\/p>\n<p>Et puis Vannes a su conserver ses hommes forts en 3\u00e8me ligne, alors que Iachizzi va revenir en renfort. Tandis que Ruru et Lafage seront encore l\u00e0 en Pro D2 \u00e0 la charni\u00e8re.<\/p>\n<p>Derri\u00e8re, le Palois <a href=\"https:\/\/www.lerugbynistere.fr\/fiches-joueurs\/elliot-roudil.php\" ui-sref=\"app.player({playerId: 4316})\" alt=\"Eliott Roudil\" data-route=\"app.player\" data-param=\"playerId\" data-id=\"4316\" rel=\"nofollow noopener\" target=\"_blank\">Eliott Roudil<\/a> d\u00e9barque pour se relancer, alors que la l\u00e9gende locale <a href=\"https:\/\/www.lerugbynistere.fr\/fiches-joueurs\/anthony-bouthier.php\" ui-sref=\"app.player({playerId: 6544})\" alt=\"Anthony Bouthier\" data-route=\"app.player\" data-param=\"playerId\" data-id=\"6544\" rel=\"nofollow noopener\" target=\"_blank\">Anthony Bouthier<\/a> est de retour au bercail apr\u00e8s 6 ans pass\u00e9s en Top 14 \u00e0 <a href=\"https:\/\/www.lerugbynistere.fr\/clubs\/mhrc-montpellier.php\" ui-sref=\"app.team({teamId: 36})\" alt=\"Montpellier\" data-route=\"app.team\" data-param=\"teamId\" data-id=\"36\" rel=\"nofollow noopener\" target=\"_blank\">Montpellier<\/a>, et 8 s\u00e9lections en \u00e9quipe de <a href=\"https:\/\/www.lerugbynistere.fr\/equipes-nationales\/xv-de-france.php\" ui-sref=\"app.team({teamId: 65})\" alt=\"France\" data-route=\"app.team\" data-param=\"teamId\" data-id=\"65\" rel=\"nofollow noopener\" target=\"_blank\">France<\/a>. Son exp\u00e9rience, sa lecture de jeu et son pied droit monstrueux vont apporter beaucoup de S\u00e9r\u00e9nit\u00e9 au fond de terrain breton, o\u00f9 la concurrence sera rude pour Surano et Duplenne. Idem aux ailes, entre Stevenson, Nakosi, l\u2019\u00e9lectrique <a href=\"https:\/\/www.lerugbynistere.fr\/fiches-joueurs\/romaric-camou.php\" ui-sref=\"app.player({playerId: 2753})\" alt=\"Romaric Camou\" data-route=\"app.player\" data-param=\"playerId\" data-id=\"2753\" rel=\"nofollow noopener\" target=\"_blank\">Romaric Camou<\/a> et la fl\u00e8che Benmegal.<\/p>\n<p>VANNES<\/p>\n<p>1<\/p>\n<p>Vunipola\u00a0<\/p>\n<p>2<\/p>\n<p>Cherry<\/p>\n<p>3<\/p>\n<p>Schonert<\/p>\n<p>6<\/p>\n<p>Pedemonte<\/p>\n<p>8<\/p>\n<p>Kalamafoni<\/p>\n<p>7<\/p>\n<p>Gorrissen\u00a0<\/p>\n<p>11<\/p>\n<p>Nakosi<\/p>\n<p>12<\/p>\n<p>Saili\u00a0<\/p>\n<p>13<\/p>\n<p>Roudil<\/p>\n<p>14<\/p>\n<p>Stevenson<\/p>\n","protected":false},"excerpt":{"rendered":"La semaine prochaine, le RC Vannes jouera un match amical de gala face au Stade Toulousain, en Bretagne.&hellip;\n","protected":false},"author":2,"featured_media":316543,"comment_status":"","ping_status":"","sticky":false,"template":"","format":"standard","meta":{"footnotes":""},"categories":[1416],"tags":[1011,27,479,1468,60],"class_list":{"0":"post-316542","1":"post","2":"type-post","3":"status-publish","4":"format-standard","5":"has-post-thumbnail","7":"category-rugby","8":"tag-fr","9":"tag-france","10":"tag-rugby","11":"tag-rugby-football","12":"tag-sports"},"share_on_mastodon":{"url":"https:\/\/pubeurope.com\/@fr\/115022156638492340","error":""},"_links":{"self":[{"href":"https:\/\/www.europesays.com\/fr\/wp-json\/wp\/v2\/posts\/316542","targetHints":{"allow":["GET"]}}],"collection":[{"href":"https:\/\/www.europesays.com\/fr\/wp-json\/wp\/v2\/posts"}],"about":[{"href":"https:\/\/www.europesays.com\/fr\/wp-json\/wp\/v2\/types\/post"}],"author":[{"embeddable":true,"href":"https:\/\/www.europesays.com\/fr\/wp-json\/wp\/v2\/users\/2"}],"replies":[{"embeddable":true,"href":"https:\/\/www.europesays.com\/fr\/wp-json\/wp\/v2\/comments?post=316542"}],"version-history":[{"count":0,"href":"https:\/\/www.europesays.com\/fr\/wp-json\/wp\/v2\/posts\/316542\/revisions"}],"wp:featuredmedia":[{"embeddable":true,"href":"https:\/\/www.europesays.com\/fr\/wp-json\/wp\/v2\/media\/316543"}],"wp:attachment":[{"href":"https:\/\/www.europesays.com\/fr\/wp-json\/wp\/v2\/media?parent=316542"}],"wp:term":[{"taxonomy":"category","embeddable":true,"href":"https:\/\/www.europesays.com\/fr\/wp-json\/wp\/v2\/categories?post=316542"},{"taxonomy":"post_tag","embeddable":true,"href":"https:\/\/www.europesays.com\/fr\/wp-json\/wp\/v2\/tags?post=316542"}],"curies":[{"name":"wp","href":"https:\/\/api.w.org\/{rel}","templated":true}]}}