{"id":316546,"date":"2025-08-13T15:28:15","date_gmt":"2025-08-13T15:28:15","guid":{"rendered":"https:\/\/www.europesays.com\/fr\/316546\/"},"modified":"2025-08-13T15:28:15","modified_gmt":"2025-08-13T15:28:15","slug":"lespoir-espagnol-de-moto2-face-aux-obstacles-inedits-du-motogp-%f0%9f%9a%a6","status":"publish","type":"post","link":"https:\/\/www.europesays.com\/fr\/316546\/","title":{"rendered":"L&rsquo;Espoir Espagnol de Moto2 face aux Obstacles In\u00e9dits du MotoGP \ud83d\udea6"},"content":{"rendered":"<p><img decoding=\"async\" src=\"https:\/\/www.europesays.com\/fr\/wp-content\/uploads\/2025\/08\/689ca84923e5cdb22c397b90_GnG_1249294_HiRes.jpeg\" alt=\"L'obstacle inhabituel du MotoGP pour le meilleur pilote Moto2\"\/><\/p>\n<p>Depuis presque une d\u00e9cennie, le MotoGP accueille chaque saison le champion du Moto2, illustrant la puissance de cette antichambre des champions. \u00c0 l\u2019aube de la saison 2026, cette tradition est menac\u00e9e. Manu Gonzalez, \u00e9toile montante espagnole de la discipline, incarne ce renouveau, mais il se heurte \u00e0 des d\u00e9fis insoup\u00e7onn\u00e9s qui pourraient bien red\u00e9finir le parcours d\u2019accession \u00e0 la cat\u00e9gorie reine du motocyclisme.<\/p>\n<p>\ud83c\uddea\ud83c\uddf8 Une G\u00e9n\u00e9ration Dor\u00e9e Espagnole : Force et Limite<img decoding=\"async\" src=\"https:\/\/www.europesays.com\/fr\/wp-content\/uploads\/2025\/08\/689ca84a23e5cdb22c397c12_GnG_1249107_HiRes.jpeg\" class=\"kg-image\" alt=\"L'obstacle inhabituel du MotoGP pour le meilleur pilote Moto2\"\/><\/p>\n<p>Manu Gonzalez n\u2019est pas un cas isol\u00e9. L\u2019Espagne inonde litt\u00e9ralement toutes les cat\u00e9gories du monde du MotoGP. Chez les pilotes, les Espagnols trustent les premi\u00e8res places des classements MotoGP, Moto2 et Moto3, confirmant la domination d\u2019une nation qui a su faire \u00e9merger un vivier de talents in\u00e9gal\u00e9 gr\u00e2ce \u00e0 une formation syst\u00e9matique, des infrastructures de pointe et une passion nationale pour la moto.<\/p>\n<p>Cet avantage, longtemps per\u00e7u comme une rampe de lancement, peut cependant se transformer en frein \u00e0 l\u2019approche de l\u2019\u00e9lite. Arriver en MotoGP en \u00e9tant simplement \u00ab un autre Espagnol de talent \u00bb ne suffit plus. Il faut d\u00e9sormais se distinguer par un CV exceptionnel ou profiter d\u2019opportunit\u00e9s strat\u00e9giques souvent r\u00e9serv\u00e9es \u00e0 des profils plus atypiques ou originaires de march\u00e9s sous-repr\u00e9sent\u00e9s.<\/p>\n<p>\ud83d\udcca Les Statistiques de Gonzalez : Un Leadership Solide mais Contest\u00e9<\/p>\n<p>Leader du championnat, quatri\u00e8me ann\u00e9e en Moto2, 23 ans \u00e0 peine \u2013 Manu Gonzalez coche toutes les cases d\u2019un futur grand du MotoGP. Ses chiffres parlent d\u2019eux-m\u00eames : progression constante au classement du championnat (16\u00e8me, 8\u00e8me, 3\u00e8me puis t\u00eate du classement provisoire en 2025), quatre victoires nettes et pr\u00e8s de 80 tours men\u00e9s cette saison. Son palmar\u00e8s est d\u00e9j\u00e0 impressionnant :<\/p>\n<ul>\n<li>4 victoires en Moto2 cette saison<\/li>\n<li>8 podiums sur 12 courses<\/li>\n<li>Progression r\u00e9guli\u00e8re : du fond du peloton \u00e0 la lutte pour le titre<\/li>\n<li>Nombre de tours men\u00e9s plus \u00e9lev\u00e9 que ses principaux concurrents<\/li>\n<\/ul>\n<p>Moto2 2025 : nombre de tours men\u00e9s (Top 5)<\/p>\n<p>Manu Gonzalez &#8211; 76<br \/>Aron Canet &#8211; 38<br \/>Jake Dixon &#8211; 37<br \/>Deniz Oncu &#8211; 36<br \/>Barry Baltus &#8211; 17<\/p>\n<p>Moto2 2025 : position moyenne en course (Top 5)<\/p>\n<p>Aron Canet &#8211; 4.7<br \/>Manu Gonzalez &#8211; 5.1<br \/>Barry Baltus &#8211; 5.5<br \/>Diogo Moreira &#8211; 6.6<br \/>Jake Dixon &#8211; 7.7<\/p>\n<p>Cependant, ces statistiques ne garantissent rien dans une cat\u00e9gorie o\u00f9 la concurrence entre Espagnols est si forte que les places au sommet sont devenues plus rares que jamais. La moindre erreur \u2013 comme rouler en slicks sous la pluie \u00e0 Austin, affectant la moyenne de Gonzalez \u2013 peut co\u00fbter tr\u00e8s cher dans la balance des d\u00e9cisionnaires MotoGP.<\/p>\n<p><img decoding=\"async\" src=\"https:\/\/www.europesays.com\/fr\/wp-content\/uploads\/2025\/08\/689ca84a23e5cdb22c397c15_GnG_1249362_HiRes.jpeg\" class=\"kg-image\" alt=\"L'obstacle inhabituel du MotoGP pour le meilleur pilote Moto2\"\/>\ud83c\udfc6 Acc\u00e9der au MotoGP : Parcours du Combattant et Perception de Valeur<\/p>\n<p>\u00c0 l\u2019aube de 2026, une interrogation subsiste : \u00eatre le meilleur Espagnol est-il suffisant pour acc\u00e9der \u00e0 la cat\u00e9gorie reine ? Les ann\u00e9es pass\u00e9es d\u00e9montrent une r\u00e9alit\u00e9 complexe. Certains pilotes comme Johann Zarco ou Alex Marquez ont profit\u00e9 de circonstances exceptionnelles ou de retraits soudains pour monter plus vite que pr\u00e9vu, tandis que d\u2019autres, aussi brillants soient-ils, sont rest\u00e9s en Moto2 ou ont d\u00fb bifurquer vers le <a href=\"https:\/\/www.worldsbk.com\/fr\" target=\"_blank\" rel=\"nofollow noopener\">World Superbike<\/a>.<\/p>\n<p>Pour Manu Gonzalez, l\u2019avenir d\u00e9pendra \u00e0 la fois de ses r\u00e9sultats en piste et de param\u00e8tres g\u00e9opolitiques. Les \u00e9curies MotoGP cherchent aujourd\u2019hui \u00e0 diversifier leur plateau, attir\u00e9es par des march\u00e9s \u00e9mergents ou des pilotes venus de pays o\u00f9 le championnat veut renforcer son assise (comme le Br\u00e9sil pour Diogo Moreira, tr\u00e8s courtis\u00e9 par <a href=\"https:\/\/www.yamaha-motor.eu\/fr\/fr\/\" target=\"_blank\" rel=\"nofollow noopener\">Yamaha<\/a> et Honda).<\/p>\n<p>Gonzalez, bien que brillant, doit convaincre qu\u2019il n\u2019est pas uniquement \u00ab un de plus dans le contingent espagnol \u00bb mais la perle rare capable de faire vibrer l\u2019auditoire mondial. Dans ce contexte, le manager de Gonzalez annonce d\u00e9j\u00e0 des contacts avec des teams MotoGP, mais pour d\u00e9crocher le s\u00e9same tant convoit\u00e9, le titre Moto2 s\u2019impose comme une obligation presque vitale.<\/p>\n<p>\ud83d\ude80 Talents sur la Sellette : Gonzalez contre Moreira et l\u2019\u00c9quation Internationale<img decoding=\"async\" src=\"https:\/\/www.europesays.com\/fr\/wp-content\/uploads\/2025\/08\/689ca84a23e5cdb22c397c18_GnG_1244874_HiRes.jpeg\" class=\"kg-image\" alt=\"L'obstacle inhabituel du MotoGP pour le meilleur pilote Moto2\"\/><\/p>\n<p>Aussi prometteur soit-il, Gonzalez fait face \u00e0 la concurrence de pilotes aux profils plus exotiques ou b\u00e9n\u00e9ficiant d\u2019un timing politique parfait, \u00e0 l\u2019image de Diogo Moreira, jeune br\u00e9silien sur le point de porter \u00e0 nouveau les couleurs nationales lors du grand retour du GP du Br\u00e9sil, \u00e9v\u00e9nement fortement m\u00e9diatis\u00e9 par les organisateurs.<\/p>\n<p>La bataille ne se livre donc pas seulement sur la piste, mais aussi dans les bureaux des \u00e9curies et les salles de conseil o\u00f9 les enjeux commerciaux se m\u00ealent aux performances sportives. Gonzalez devra probablement multiplier les coups d\u2019\u00e9clat, poursuivre sa collecte de victoires et esp\u00e9rer qu&rsquo;une place se lib\u00e8re l\u00e0 o\u00f9 personne ne l\u2019attend, alors m\u00eame que l\u2019\u00e9quilibre des \u00e9quipes (comme <a href=\"https:\/\/www.aprilia.com\/fr_FR\/\" target=\"_blank\" rel=\"nofollow noopener\">Trackhouse Aprilia<\/a> avec Raul Fernandez et Ai Ogura, ou LCR avec Somkiat Chantra) complique encore les perspectives.<\/p>\n<blockquote class=\"twitter-tweet\">\n<p lang=\"en\" dir=\"ltr\">\ud83d\udc40 La Trackhouse Aprilia RS-GP portant le num\u00e9ro de Manu Gonzalez \u2013 et le voil\u00e0 d\u00e9j\u00e0 en piste pour ses d\u00e9buts en test MotoGP.<\/p>\n<\/blockquote>\n<p>Si Moreira passe en MotoGP et prend une des rares places disponibles, Gonzalez devra \u00eatre irr\u00e9prochable jusqu\u2019au bout, car dans le cas contraire, le risque existe de voir la fameuse s\u00e9rie de champions Moto2 montant direct en MotoGP s&rsquo;interrompre, renvoyant le laur\u00e9at vers le World Superbike.<\/p>\n<p>\ud83d\udca1 Conseils, Inspiration et Futur : Le\u00e7ons du Parcours de Gonzalez<\/p>\n<p>L\u2019histoire de Manu Gonzalez inspire tous ceux qui r\u00eavent de gravir les \u00e9chelons du sport moto : rigueur, adaptation, professionnalisme et passion sont plus que jamais n\u00e9cessaires pour se d\u00e9marquer. Son exp\u00e9rience rappelle que m\u00eame une domination statistique et une solide progression ne suffisent plus dans une \u00e8re o\u00f9 l\u2019acc\u00e8s \u00e0 l\u2019\u00e9lite d\u00e9pend d\u2019un savant m\u00e9lange de r\u00e9sultats, d\u2019opportunit\u00e9s strat\u00e9giques et de circonstances ext\u00e9rieures.<\/p>\n<p>Gonzalez incarne la nouvelle g\u00e9n\u00e9ration de pilotes : ambitieux, acharn\u00e9, lucide sur la difficult\u00e9 de la t\u00e2che, il trace sa route avec intelligence et patience. Face \u00e0 la globalisation du MotoGP, il devra continuer de faire vibrer les circuits et de s\u00e9duire, non seulement par sa technique, mais aussi par sa capacit\u00e9 \u00e0 incarner le renouveau tant recherch\u00e9 par les \u00e9quipes et les fans du monde entier.<\/p>\n<p>Par son engagement et sa d\u00e9termination, Manu Gonzalez prouve que r\u00e9ussir dans le sport de haut niveau, c\u2019est savoir transformer chaque d\u00e9fi en opportunit\u00e9, chaque obstacle en tremplin. L&rsquo;inspiration puise sa force dans l\u2019audace de r\u00e9\u00e9crire les r\u00e8gles, et c\u2019est ainsi que se forgent les v\u00e9ritables l\u00e9gendes du MotoGP. \ud83c\udfc1<\/p>\n<p>\u00c0 l\u2019image de Gonzalez cherchant sa place en MotoGP, chaque passionn\u00e9 r\u00eave de piloter une <a href=\"https:\/\/www.joinsteer.com\" target=\"_blank\" rel=\"nofollow noopener\">Porsche 911<\/a>. Gr\u00e2ce \u00e0 la LOA ou \u00e0 la LLD avec Joinsteer, le r\u00eave automobile devient accessible, combinant modernit\u00e9, libert\u00e9 et garanties rassurantes au quotidien.<\/p>\n","protected":false},"excerpt":{"rendered":"Depuis presque une d\u00e9cennie, le MotoGP accueille chaque saison le champion du Moto2, illustrant la puissance de cette&hellip;\n","protected":false},"author":2,"featured_media":316547,"comment_status":"","ping_status":"","sticky":false,"template":"","format":"standard","meta":{"footnotes":""},"categories":[1413],"tags":[1011,27,1457,1456,60],"class_list":{"0":"post-316546","1":"post","2":"type-post","3":"status-publish","4":"format-standard","5":"has-post-thumbnail","7":"category-moto","8":"tag-fr","9":"tag-france","10":"tag-moto","11":"tag-motocycle","12":"tag-sports"},"share_on_mastodon":{"url":"https:\/\/pubeurope.com\/@fr\/115022168743853922","error":""},"_links":{"self":[{"href":"https:\/\/www.europesays.com\/fr\/wp-json\/wp\/v2\/posts\/316546","targetHints":{"allow":["GET"]}}],"collection":[{"href":"https:\/\/www.europesays.com\/fr\/wp-json\/wp\/v2\/posts"}],"about":[{"href":"https:\/\/www.europesays.com\/fr\/wp-json\/wp\/v2\/types\/post"}],"author":[{"embeddable":true,"href":"https:\/\/www.europesays.com\/fr\/wp-json\/wp\/v2\/users\/2"}],"replies":[{"embeddable":true,"href":"https:\/\/www.europesays.com\/fr\/wp-json\/wp\/v2\/comments?post=316546"}],"version-history":[{"count":0,"href":"https:\/\/www.europesays.com\/fr\/wp-json\/wp\/v2\/posts\/316546\/revisions"}],"wp:featuredmedia":[{"embeddable":true,"href":"https:\/\/www.europesays.com\/fr\/wp-json\/wp\/v2\/media\/316547"}],"wp:attachment":[{"href":"https:\/\/www.europesays.com\/fr\/wp-json\/wp\/v2\/media?parent=316546"}],"wp:term":[{"taxonomy":"category","embeddable":true,"href":"https:\/\/www.europesays.com\/fr\/wp-json\/wp\/v2\/categories?post=316546"},{"taxonomy":"post_tag","embeddable":true,"href":"https:\/\/www.europesays.com\/fr\/wp-json\/wp\/v2\/tags?post=316546"}],"curies":[{"name":"wp","href":"https:\/\/api.w.org\/{rel}","templated":true}]}}