{"id":316550,"date":"2025-08-13T15:30:17","date_gmt":"2025-08-13T15:30:17","guid":{"rendered":"https:\/\/www.europesays.com\/fr\/316550\/"},"modified":"2025-08-13T15:30:17","modified_gmt":"2025-08-13T15:30:17","slug":"apres-le-tour-de-france-marion-rousse-et-julian-alaphilippe-agrandissent-la-famille-presentation-du-nouveau-membre-aux-yeux-bleus","status":"publish","type":"post","link":"https:\/\/www.europesays.com\/fr\/316550\/","title":{"rendered":"Apr\u00e8s le tour de France, Marion Rousse et Julian Alaphilippe agrandissent la famille ! Pr\u00e9sentation du nouveau membre aux yeux bleus"},"content":{"rendered":"<p>            <img loading=\"lazy\" decoding=\"async\" src=\"https:\/\/www.europesays.com\/fr\/wp-content\/uploads\/2025\/04\/144-64f8c016610ee-35x35-1.jpg\" class=\"author-article-picture\" width=\"35\" height=\"35\"\/><\/p>\n<p>                Par<br \/>\n                                    <a class=\"author-article-bio-link\" href=\"https:\/\/www.purepeople.com\/auteur\/louise-martin_a144\" rel=\"nofollow noopener\" target=\"_blank\">Louise Martin<\/a><br \/>\n                                                    | R\u00e9dactrice<\/p>\n<p>\n                Koh Lanta, Les Marseillais mais aussi Mari\u00e9s au Premier regards\u2026 Louise Martin est une t\u00e9l\u00e9vore qui essaye, \u00e0 ses heures perdues, de refaire les g\u00e2teaux qu\u2019elle admire devant le Meilleur P\u00e2tissier\u2026 mais elle ne risque pas de gagner le tablier bleu ! Les r\u00e9seaux sociaux n\u2019ont pas de secret pour elle, les derniers scoops, les derni\u00e8res \u00e9missions, elle les conna\u00eet tous.\n            <\/p>\n<p>\n    Apr\u00e8s avoir assur\u00e9 les commentaires du Tour de France masculin sur les antennes de France T\u00e9l\u00e9visions tout au long du mois de juillet 2025, comp\u00e9tition \u00e0 laquelle a particip\u00e9 son compagnon Julian Alaphilippe, Marion Rousse a ensuite pris les commandes du Tour de France f\u00e9minin dont elle est la directrice. Alors que ces deux \u00e9preuves sont aujourd&rsquo;hui termin\u00e9es, l&rsquo;ancienne cycliste professionnelle a d\u00e9voil\u00e9 le visage du nouveau membre de sa famille sur Instagram.\n<\/p>\n<p>                            <img loading=\"lazy\" decoding=\"async\" class=\"player-thumbnail\" src=\"https:\/\/www.europesays.com\/fr\/wp-content\/uploads\/2025\/08\/be76325f73917019-580x326-1.jpg\" width=\"580\" height=\"326\"\/><\/p>\n<p>                    Apr\u00e8s le tour de France, Marion Rousse et Julian Alaphilippe agrandissent la famille ! Pr\u00e9sentation du nouveau membre aux yeux bleus<\/p>\n<p>La suite apr\u00e8s la publicit\u00e9<\/p>\n<p>Visage embl\u00e9matique du <a href=\"https:\/\/www.purepeople.com\/article\/taxe-de-honte-du-service-public-par-un-celebre-journaliste-laurent-jalabert-replique-la-seule-verite-aujourdhui-cest-quen-france-on_a540596\/1\" rel=\"nofollow noopener\" target=\"_blank\">service des sports<\/a> de France T\u00e9l\u00e9visions depuis d\u00e9j\u00e0 de nombreuses ann\u00e9es, <a href=\"https:\/\/www.purepeople.com\/people\/marion-rousse_p552751\" rel=\"nofollow noopener\" target=\"_blank\">Marion Rousse<\/a> a d&rsquo;abord \u00e9t\u00e9 une cycliste professionnelle avant de se reconvertir en <strong>journaliste sportive sur les antennes du groupe audiovisuel public. <\/strong>Cette ann\u00e9e encore, elle a assur\u00e9 les commentaires du Tour de France masculin sur France 2 et France 3 durant trois semaines aux c\u00f4t\u00e9s de <a href=\"https:\/\/www.purepeople.com\/people\/laurent-jalabert_p194941\" rel=\"nofollow noopener\" target=\"_blank\">Laurent Jalabert <\/a>et d&rsquo;<a href=\"https:\/\/www.purepeople.com\/article\/tour-de-france-laurent-jalabert-et-alexandre-pasteur-s-agacent-une-regle-cruciale-toujours-pas-respectee-par-le-public_a524813\/1\" rel=\"nofollow noopener\" target=\"_blank\">Alexandre Pasteur<\/a>. Par la suite, la compagne du champion fran\u00e7ais <a href=\"https:\/\/www.purepeople.com\/article\/on-se-connait-assez-bien-pour-le-permettre-tour-de-france-ces-conversations-privees-entre-marion-rousse-et-julian-alaphilippe-en-presence-de-deux-journalistes_a540783\/1\" rel=\"nofollow noopener\" target=\"_blank\">Julian Alaphilippe<\/a> a imm\u00e9diatement encha\u00een\u00e9 avec le Tour de France f\u00e9minin, dont elle est la directrice. Maintenant que ces deux \u00e9preuves sont officielles termin\u00e9es, Marion Rousse peut enfin passer du temps avec compagnon, <strong>mais aussi avec <\/strong><a href=\"https:\/\/www.purepeople.com\/article\/ma-priorite-avec-nino-cest-marion-rousse-se-confie-sur-leducation-de-son-fils-quelle-a-eu-avec-julian-alaphilippe_a533782\/1\" rel=\"nofollow noopener\" target=\"_blank\"><strong>leur enfant de 4 ans<\/strong><\/a>. Pour rappel, le couple a fond\u00e9 une famille a donnant naissance \u00e0 un petit gar\u00e7on pr\u00e9nomm\u00e9 Nino.<\/p>\n<p>Cette petite famille vient d&rsquo;ailleurs de s&rsquo;agrandir avec l&rsquo;ajout d&rsquo;un nouveau membre. En effet, Marion Rousse a d\u00e9voil\u00e9 le visage du nouvel animal de compagnie de sa tribu le mercredi 13 ao\u00fbt 2025 dans la story de son compte Instagram. \u00ab\u00a0<strong>Bienvenue dans la famille Eliott<\/strong>\u00ab\u00a0, a ainsi \u00e9crit la commentatrice de France T\u00e9l\u00e9visions, tout en d\u00e9voilant une photo de ce magnifique petit chien au pelage blanc et roux, avec des yeux bleus. Pour rappel, son coll\u00e8gue Laurent Jalabert a lui aussi accueilli de nouveaux membres \u00e0 poil au sein de sa famille r\u00e9cemment. Le jeudi 31 juillet 2025, l&rsquo;ancien cycliste professionnel avait <strong>publi\u00e9 plusieurs vid\u00e9os de ses animaux de compagnie <\/strong>au sein de sa story. On pouvait ainsi constater la pr\u00e9sence d&rsquo;au moins huit chiens et d&rsquo;un chat sur ces fameuses vid\u00e9os.\u00a0<\/p>\n<p>Marion Rousse : son quotidien pendant le Tour de France masculin est bien r\u00f4d\u00e9<\/p>\n<p>R\u00e9cemment, Marion Rousse avait accord\u00e9 une longue interview au Parisien dans laquelle elle d\u00e9voilait son quotidien pendant le Tour de France masculin. \u00ab\u00a0On dort dans un h\u00f4tel assez proche de l\u2019arriv\u00e9e. Apr\u00e8s le petit-d\u00e9jeuner, le rituel est toujours le m\u00eame. Avec Alexandre Pasteur, on fait les 50 derniers kilom\u00e8tres de l\u2019\u00e9tape en voiture pour analyser le parcours. <strong>J\u2019en profite pour prendre des notes. <\/strong>Et on arrive environ une heure et demie avant le d\u00e9part. Car il y a le plateau de l\u2019\u00e9mission L\u2019avant-Tour \u00e0 assurer. <strong>On se relaie pour parler \u00e0 l\u2019antenne. <\/strong>On a de vrais automatismes et nos \u00e9changes sont tr\u00e8s fluides. Et pour manger, on nous am\u00e8ne un plateau. L\u00e0 aussi, on v\u00e9rifie que l\u2019autre n\u2019a pas la bouche pleine avant de lui donner la parole\u00a0\u00bb, avait-elle notamment soulign\u00e9.<\/p>\n","protected":false},"excerpt":{"rendered":"Par Louise Martin | R\u00e9dactrice Koh Lanta, Les Marseillais mais aussi Mari\u00e9s au Premier regards\u2026 Louise Martin est&hellip;\n","protected":false},"author":2,"featured_media":316551,"comment_status":"","ping_status":"","sticky":false,"template":"","format":"standard","meta":{"footnotes":""},"categories":[1411],"tags":[1154,207,1011,27,60],"class_list":{"0":"post-316550","1":"post","2":"type-post","3":"status-publish","4":"format-standard","5":"has-post-thumbnail","7":"category-cyclisme","8":"tag-cycling","9":"tag-cyclisme","10":"tag-fr","11":"tag-france","12":"tag-sports"},"share_on_mastodon":{"url":"https:\/\/pubeurope.com\/@fr\/115022176269708891","error":""},"_links":{"self":[{"href":"https:\/\/www.europesays.com\/fr\/wp-json\/wp\/v2\/posts\/316550","targetHints":{"allow":["GET"]}}],"collection":[{"href":"https:\/\/www.europesays.com\/fr\/wp-json\/wp\/v2\/posts"}],"about":[{"href":"https:\/\/www.europesays.com\/fr\/wp-json\/wp\/v2\/types\/post"}],"author":[{"embeddable":true,"href":"https:\/\/www.europesays.com\/fr\/wp-json\/wp\/v2\/users\/2"}],"replies":[{"embeddable":true,"href":"https:\/\/www.europesays.com\/fr\/wp-json\/wp\/v2\/comments?post=316550"}],"version-history":[{"count":0,"href":"https:\/\/www.europesays.com\/fr\/wp-json\/wp\/v2\/posts\/316550\/revisions"}],"wp:featuredmedia":[{"embeddable":true,"href":"https:\/\/www.europesays.com\/fr\/wp-json\/wp\/v2\/media\/316551"}],"wp:attachment":[{"href":"https:\/\/www.europesays.com\/fr\/wp-json\/wp\/v2\/media?parent=316550"}],"wp:term":[{"taxonomy":"category","embeddable":true,"href":"https:\/\/www.europesays.com\/fr\/wp-json\/wp\/v2\/categories?post=316550"},{"taxonomy":"post_tag","embeddable":true,"href":"https:\/\/www.europesays.com\/fr\/wp-json\/wp\/v2\/tags?post=316550"}],"curies":[{"name":"wp","href":"https:\/\/api.w.org\/{rel}","templated":true}]}}