{"id":316552,"date":"2025-08-13T15:31:11","date_gmt":"2025-08-13T15:31:11","guid":{"rendered":"https:\/\/www.europesays.com\/fr\/316552\/"},"modified":"2025-08-13T15:31:11","modified_gmt":"2025-08-13T15:31:11","slug":"lille-lom-avance-pour-zhegrova-maxifoot","status":"publish","type":"post","link":"https:\/\/www.europesays.com\/fr\/316552\/","title":{"rendered":"Lille : l&#039;OM avance pour Zhegrova ! &#8211; Maxifoot"},"content":{"rendered":"<ol>\n<li><a href=\"https:\/\/news.google.com\/rss\/articles\/CBMie0FVX3lxTFBSRlVYUmlKQVBJalg3RGhhZXNkRHBXM2lpcUtNQjViV3VBRTZxVkdVM0Q4RHJVZzZLRC1EUlpQb0RzcjlGdGltOXRMWjJ3SjdwSWtMQWhzWFhWU1ZLVVY3MUxtMlZiaU1KLU5wcWJhYkY5cFowWmxTb0NlMNIBe0FVX3lxTE13WGhfaHNGa2JJOElxTkNtOWpDNHFBeVV4cEFjTkh6a1YtM1psMGZMY3VaY2wwR2dsRVV2ZEpkQ2NHQWlEX3Q0bkctdEVEcEVwc0ozYUc5MHJZZXptOVktX19SZDE0REctR2tQLUprX05tUmlBVlcwWFR0UQ?oc=5\" target=\"_blank\" rel=\"noopener\">Lille : l&rsquo;OM avance pour Zhegrova !<\/a>&nbsp;&nbsp;Maxifoot<\/li>\n<li><a href=\"https:\/\/news.google.com\/rss\/articles\/CBMitwFBVV95cUxQakxDU2N1Y0M3aERuTzZRaEp2d2JPcG9SWkZqbW4tT296X0prWWVDa1RlRDd2U01qMERVNGxVOUttQThCTU9XWXd4SzJfZkM3TUIwdUd2blZlQ25LY2FsNGlFa2JXQ05TVXk4VHZ4RzlGdnR3MFVacncxOVRrX2I5alFTUmY5VDkxQ011TmpUN00xU3VmdFo4TjRNNEpvZUxfbmVkVzdUV3hjWERRQ0pWWWRsd0oxdmvSAbYBQVVfeXFMTmRFVFBXSHpYTThZMmZGRWd6UEdGVHV1eUhmVWxtM09QZ1RrVHRWNzBsa3RXVTlTaURwNXNMUzRwRlA5a1R5STU3bjdIU1ZzWUlnVDEtN2dQaFUwRVphX1k0QVozWVlrRUc4bThBSDVtMEt5WFhFN25NOWplUnRiNjE0NlRtQUdybGFQSnh3eFp2M1hqTXo5RXBRUjJaWjRDSWYtXzBJRWE4dDhxd2FYWjdQMnlTYnc?oc=5\" target=\"_blank\" rel=\"noopener\">OM : D\u00e9but des \u00e9changes avec Lille pour Zhegrova<\/a>&nbsp;&nbsp;Orange Actualit\u00e9s | Sports<\/li>\n<li><a href=\"https:\/\/news.google.com\/rss\/articles\/CBMirgFBVV95cUxPbTVqZVJ1S1ZJeEJMMDlLaVZFdjJjU005Z2VqMUJyOFZIbmdCczE3YU5QNnlCS0dNV1cxSnhzYzgyZ3lTc0F3eUlYTVRhQkpvcDdrSFF1R1F0bnk4RXNHdGt2bFBfTVVoWkFLVjh3Mk1uc3RaSVhxZHBCWktWWU4zMUc1THl6OWY2Q1UxOE1GaVhvV0t4WWpDYlJUWDktQXJNQUNTUXFoZEtHRnZqSEE?oc=5\" target=\"_blank\" rel=\"noopener\">L\u2019OM a entam\u00e9 des discussions avec le LOSC pour Edon Zhegrova<\/a>&nbsp;&nbsp;Foot Mercato<\/li>\n<li><a href=\"https:\/\/news.google.com\/rss\/articles\/CBMihwFBVV95cUxORmd2c3ROTFBGaTNhOFFNX2J0dmNDVk1mVy1mc0ExT0VYYjBRRGNzdm1QQmF2bDhzb3JDMmlzRjVSVi10U2hXUGpGbGV3UDBJbXByX3kydFB4Q2VSUUJJRnk0dlI2dG5GUzJ6WV9iZjhzeWlldzlkVXZtRVhwUzl3bzdScVljdjg?oc=5\" target=\"_blank\" rel=\"noopener\">Transferts OM : Edon Zhegrova veut signer \u00e0 Marseille<\/a>&nbsp;&nbsp;Dicodusport<\/li>\n<li><a href=\"https:\/\/news.google.com\/rss\/articles\/CBMiiwJBVV95cUxQWDFBQUZUb2tiRHppUXp4dGppSjRLMVFWWG9IeTl1d2gwYm9GYW5hMnZSdzZzd0xpbHk1VTBScVZoVFV2WUhaaGpmcWxOSzRISTJKMEtQaUJteUZGYUdjYjYybGNMUEJfZE9QQ2JJaTFvWjhpT2ltTzByalJjNm1RalRRVVVoZ3B6bjNBZDY5ZF96UEI2bFg4NkxOaVYxQ28yQVdWbWdOMVUwaXVCRVpEWmFjc1J5SWVXaXNqRzM4YUdvVFp0Y1lTTTZDT0JyWWRnbndiSTQ5dWRMYUs2b3RNRVpUREtwZGNQNGxSYnpzcE9DY0NfNGt3Z3BCSGlvMDAwbTY5OHJtTDdEMGc?oc=5\" target=\"_blank\" rel=\"noopener\">[Podcasts] Le Top de l&rsquo;After Foot : Walid regrette la fin cynique pour Donnarumma au PSG, pouss\u00e9 vers la sortie \u2013 11\/08<\/a>&nbsp;&nbsp;RMC Sport<\/li>\n<\/ol>\n","protected":false},"excerpt":{"rendered":"Lille : l&rsquo;OM avance pour Zhegrova !&nbsp;&nbsp;Maxifoot OM : D\u00e9but des \u00e9changes avec Lille pour Zhegrova&nbsp;&nbsp;Orange Actualit\u00e9s |&hellip;\n","protected":false},"author":2,"featured_media":316553,"comment_status":"","ping_status":"","sticky":false,"template":"","format":"standard","meta":{"footnotes":""},"categories":[1410],"tags":[2266,2262,2261,1981,83,2260,451,2263,462,2269,2257,63,1011,27,2265,1441,453,66,447,2267,955,2268,241,149,70,1817,93,2264,2258,2259,60,969,455],"class_list":{"0":"post-316552","1":"post","2":"type-post","3":"status-publish","4":"format-standard","5":"has-post-thumbnail","7":"category-football","8":"tag-as-monaco","9":"tag-bundesligua","10":"tag-calcio","11":"tag-classement","12":"tag-coupe-de-france","13":"tag-coupe-de-la-ligue","14":"tag-coupe-du-monde","15":"tag-equipe","16":"tag-fc-nantes","17":"tag-fifa","18":"tag-foot","19":"tag-football","20":"tag-fr","21":"tag-france","22":"tag-girondins-bordeaux","23":"tag-joueur","24":"tag-liga","25":"tag-ligue-1","26":"tag-ligue-des-champions","27":"tag-losc","28":"tag-match","29":"tag-ogc-nice","30":"tag-ol","31":"tag-om","32":"tag-premier-league","33":"tag-pronostic","34":"tag-psg","35":"tag-rc-lens","36":"tag-resultat","37":"tag-score","38":"tag-sports","39":"tag-transfert","40":"tag-uefa"},"share_on_mastodon":{"url":"https:\/\/pubeurope.com\/@fr\/115022180178829440","error":""},"_links":{"self":[{"href":"https:\/\/www.europesays.com\/fr\/wp-json\/wp\/v2\/posts\/316552","targetHints":{"allow":["GET"]}}],"collection":[{"href":"https:\/\/www.europesays.com\/fr\/wp-json\/wp\/v2\/posts"}],"about":[{"href":"https:\/\/www.europesays.com\/fr\/wp-json\/wp\/v2\/types\/post"}],"author":[{"embeddable":true,"href":"https:\/\/www.europesays.com\/fr\/wp-json\/wp\/v2\/users\/2"}],"replies":[{"embeddable":true,"href":"https:\/\/www.europesays.com\/fr\/wp-json\/wp\/v2\/comments?post=316552"}],"version-history":[{"count":0,"href":"https:\/\/www.europesays.com\/fr\/wp-json\/wp\/v2\/posts\/316552\/revisions"}],"wp:featuredmedia":[{"embeddable":true,"href":"https:\/\/www.europesays.com\/fr\/wp-json\/wp\/v2\/media\/316553"}],"wp:attachment":[{"href":"https:\/\/www.europesays.com\/fr\/wp-json\/wp\/v2\/media?parent=316552"}],"wp:term":[{"taxonomy":"category","embeddable":true,"href":"https:\/\/www.europesays.com\/fr\/wp-json\/wp\/v2\/categories?post=316552"},{"taxonomy":"post_tag","embeddable":true,"href":"https:\/\/www.europesays.com\/fr\/wp-json\/wp\/v2\/tags?post=316552"}],"curies":[{"name":"wp","href":"https:\/\/api.w.org\/{rel}","templated":true}]}}