{"id":316556,"date":"2025-08-13T15:33:20","date_gmt":"2025-08-13T15:33:20","guid":{"rendered":"https:\/\/www.europesays.com\/fr\/316556\/"},"modified":"2025-08-13T15:33:20","modified_gmt":"2025-08-13T15:33:20","slug":"a-la-vieille-charite-de-marseille-le-poetique-sein-nourricier-de-laure-prouvost","status":"publish","type":"post","link":"https:\/\/www.europesays.com\/fr\/316556\/","title":{"rendered":"\u00c0 la Vieille Charit\u00e9 de Marseille, le po\u00e9tique sein nourricier de Laure Prouvost"},"content":{"rendered":"<p class=\"editor-content__paragraph\"><strong>Un sein rose suspendu au plafond<\/strong> regarde vers le sol. Il semble tomber comme une grosse goutte de lait maternel\u2026 Autour de lui, <strong>des dizaines de petits poissons flottent<\/strong>, et \u00e9voquent un mobile au-dessus d\u2019un lit d\u2019enfant. Invit\u00e9 \u00e0 tourner puis \u00e0 s\u2019asseoir autour de l\u2019installation, le visiteur se laisse bercer par une <strong>bande-son compos\u00e9e de chants et de voix<\/strong>, souvenirs d\u2019habitants de la <strong>Vieille Charit\u00e9<\/strong>, un ancien hospice d\u00e9di\u00e9 \u00e0 l\u2019accueil et l\u2019enfermement des pauvres et des indigents \u00e0 Marseille. Le moment est \u00e9trange, hors du temps\u2026<\/p>\n<p class=\"editor-content__paragraph\"><strong>M\u00e8re We Sea<\/strong> est sign\u00e9e de <a href=\"https:\/\/www.beauxarts.com\/expos\/la-fantaisie-de-laure-prouvost-a-la-rencontre-de-lart-brut\/\" target=\"_blank\" rel=\"noopener\"><strong>Laure Prouvost<\/strong><\/a> (n\u00e9e en 1978)\u00a0; invit\u00e9e par l\u2019institution du Panier \u00e0 produire une \u0153uvre in\u00e9dite <strong>en parall\u00e8le de ses deux autres expositions au [mac] mus\u00e9e d\u2019Art contemporain et au Mucem<\/strong>, l\u2019artiste qui a repr\u00e9sent\u00e9 la France \u00e0 la <a href=\"https:\/\/www.beauxarts.com\/expos\/biennale-de-venise-les-pavillons-les-plus-excitants\/\" target=\"_blank\" rel=\"noopener\">Biennale de Venise en 2019<\/a> donne ici \u00e0 voir une <strong>puissante communion entre la maternit\u00e9 et la M\u00e9diterran\u00e9e <\/strong>;\u00a0\u00ab\u00a0une \u0153uvre subjective, sensuelle, immersive et ambigu\u00eb, comme un organe o\u00f9 flottent des voix, des chants, des poissons et des fragments de corps, tous en interconnexion les uns avec les autres, et avec les visiteurs et visiteuses\u00a0\u00bb, s\u2019enthousiasme la co-commissaire St\u00e9phanie Airaud.<\/p>\n<p>Une installation onirique<\/p>\n<p>    <img loading=\"lazy\" decoding=\"async\" class=\"image__img\" src=\"https:\/\/www.europesays.com\/fr\/wp-content\/uploads\/2025\/08\/web7_sifflet_replique_verre_berano_studio_1989_mire_le_mirage_laure_prouvostedwige_lamy-964x1446.jpg\" alt=\"Laure Prouvost, Sifflet en ce\u0301ramique et sa re\u0301plique en verre\" width=\"964\" height=\"1446\"\/><\/p>\n<p>Laure Prouvost, Sifflet en ce\u0301ramique et sa re\u0301plique en verre, 2024<\/p>\n<p>    i<\/p>\n<p class=\"legende__cartel\">\u00a9 Atelier Berengo Studio \/ \u00a9 Edwige Lamy<\/p>\n<p class=\"editor-content__paragraph\">Car elle aime \u00e0 travailler de fa\u00e7on collaborative, Laure Prouvost a sollicit\u00e9 pour l\u2019occasion<strong> des souffleurs de verre de Murano<\/strong> (pour les sculptures), <strong>des chercheuses en sciences sociales<\/strong> de l\u2019EHESS de Marseille \u2013 install\u00e9 dans les murs de la Vieille Charit\u00e9 \u2013 (pour les t\u00e9moignages enregistr\u00e9s), et<strong> la chorale du conservatoire<\/strong> (pour les chants), emmenant dans son aventure toute une foule de sensibilit\u00e9s et d\u2019histoires.<\/p>\n<p class=\"editor-content__paragraph\">Le r\u00e9sultat active un jeu de mot sur la mer et la m\u00e8re, et donne \u00e0 imaginer<strong> la M\u00e9diterran\u00e9e comme une entit\u00e9 nourrici\u00e8re<\/strong>, dont les enfants sont les poissons et les algues de ses profondeurs. Onirique, l\u2019\u0153uvre est aussi tr\u00e8s lisible, \u00e9vidente, et <strong>surgit avec une force toute f\u00e9minine<\/strong> dans<strong> l\u2019architecture en courbes<\/strong> de la chapelle de la Vieille Charit\u00e9, marqu\u00e9e par la rondeur de ses arcades et par son ample rotonde.<\/p>\n<p>    <img loading=\"lazy\" decoding=\"async\" class=\"image__img\" src=\"https:\/\/www.europesays.com\/fr\/wp-content\/uploads\/2025\/08\/web2.2-laure_prouvost_au_fort_les_ames_sont_31mars2025_mucem_fsjjulie_cohen_mucem-964x643.jpg\" alt=\"Exposition \u00ab\u00a0Laure Prouvost. M\u00e8re We Sea\u00a0\u00bb au Centre de la Vieille Charit\u00e9 \u00e0 Marseille\" width=\"964\" height=\"643\"\/><\/p>\n<p>Exposition \u00ab\u00a0Laure Prouvost. M\u00e8re We Sea\u00a0\u00bb au Centre de la Vieille Charit\u00e9 \u00e0 Marseille<\/p>\n<p>    i<\/p>\n<p class=\"legende__cartel\">\u00a9 Julie Cohen \/ \u00a9 Mucem<\/p>\n<p class=\"editor-content__paragraph\">Nicolas Misery, co-commissaire, explique d\u2019ailleurs\u00a0: \u00ab\u00a0Les premiers \u00e9changes autour de ce projet remontent \u00e0 la fin de l\u2019\u00e9t\u00e9 2021. Leur souvenir convoque \u00e0 plusieurs \u00e9gards <strong>l\u2019id\u00e9e d\u2019une naissance<\/strong>\u00a0: enceinte alors qu\u2019elle esquissait ses premi\u00e8res inspirations, Laure Prouvost s\u2019amusait <strong>des \u00e9tonnants \u00e9chos<\/strong> entre les formes de son corps et les volumes de la chapelle de la Charit\u00e9.\u00a0\u00bb<\/p>\n<p>        \u00c0 lire aussi :<br \/>\n        <a class=\"renvoi-explicite__link\" href=\"https:\/\/www.beauxarts.com\/expos\/la-fantaisie-de-laure-prouvost-a-la-rencontre-de-lart-brut\/\" target=\"_blank\" rel=\"noopener\">La fantaisie de Laure Prouvost \u00e0 la rencontre de l\u2019art brut<\/a><\/p>\n<p>De la fluidit\u00e9 entre les \u00eatres et les \u00e9l\u00e9ments<\/p>\n<p class=\"editor-content__paragraph\">Sur le sol, une <strong>flaque translucide et sculpturale<\/strong> renforce la sensualit\u00e9 de l\u2019installation, et fait entrer dans l\u2019\u00e9ternit\u00e9 de l\u2019\u0153uvre un \u00e9l\u00e9ment \u00e9ph\u00e9m\u00e8re, <strong>l\u2019eau<\/strong>, qui ici ne s\u2019\u00e9vaporera pas. Celle-ci renforce l\u2019id\u00e9e de fluidit\u00e9 ch\u00e8re \u00e0 l\u2019artiste, laquelle ne cesse de tisser dans son travail <strong>des liens entre les hommes, les animaux, les v\u00e9g\u00e9taux et les paysages<\/strong> \u00e0 travers ses installations multisupports. Une vraie r\u00e9ussite, quelque peu surr\u00e9aliste dans sa forme et anim\u00e9e d\u2019une tendresse sensible pour l\u2019exp\u00e9rience de la maternit\u00e9.<\/p>\n<p>        \u00c0 lire aussi :<br \/>\n        <a class=\"renvoi-explicite__link\" href=\"https:\/\/www.beauxarts.com\/lifestyle\/10-excellents-musees-et-centres-dart-gratuits-dont-on-aurait-tort-de-se-priver-a-marseille\/\" target=\"_blank\" rel=\"noopener\">10 excellents mus\u00e9es et centres d\u2019art gratuits dont on aurait tort de se priver \u00e0 Marseille<\/a><\/p>\n<p>  Arrow<\/p>\n<p>Laure Prouvost. M\u00e8re We Sea<\/p>\n<p>Du 2 avril 2025 au 11 janvier 2026<\/p>\n<p class=\"annexe-content__infos\">Centre de la Vieille Charit\u00e9 &#8211; Marseille \u2022 2 Rue de la Charit\u00e9 \u2022 13002 Marseille<br \/><a href=\"https:\/\/vieille-charite-marseille.com\" target=\"_blank\" rel=\"noopener\">vieille-charite-marseille.com<\/a><\/p>\n","protected":false},"excerpt":{"rendered":"Un sein rose suspendu au plafond regarde vers le sol. Il semble tomber comme une grosse goutte de&hellip;\n","protected":false},"author":2,"featured_media":316557,"comment_status":"","ping_status":"","sticky":false,"template":"","format":"standard","meta":{"footnotes":""},"categories":[1358],"tags":[1396,1348,1384,1385,39638,1386,58,59,1011,27,8093,45514,884],"class_list":{"0":"post-316556","1":"post","2":"type-post","3":"status-publish","4":"format-standard","5":"has-post-thumbnail","7":"category-arts-et-design","8":"tag-art-contemporain","9":"tag-arts","10":"tag-arts-and-design","11":"tag-arts-et-design","12":"tag-centre-de-la-vieille-charite-marseille","13":"tag-design","14":"tag-divertissement","15":"tag-entertainment","16":"tag-fr","17":"tag-france","18":"tag-installation","19":"tag-laure-prouvost","20":"tag-marseille"},"share_on_mastodon":{"url":"https:\/\/pubeurope.com\/@fr\/115022188086372001","error":""},"_links":{"self":[{"href":"https:\/\/www.europesays.com\/fr\/wp-json\/wp\/v2\/posts\/316556","targetHints":{"allow":["GET"]}}],"collection":[{"href":"https:\/\/www.europesays.com\/fr\/wp-json\/wp\/v2\/posts"}],"about":[{"href":"https:\/\/www.europesays.com\/fr\/wp-json\/wp\/v2\/types\/post"}],"author":[{"embeddable":true,"href":"https:\/\/www.europesays.com\/fr\/wp-json\/wp\/v2\/users\/2"}],"replies":[{"embeddable":true,"href":"https:\/\/www.europesays.com\/fr\/wp-json\/wp\/v2\/comments?post=316556"}],"version-history":[{"count":0,"href":"https:\/\/www.europesays.com\/fr\/wp-json\/wp\/v2\/posts\/316556\/revisions"}],"wp:featuredmedia":[{"embeddable":true,"href":"https:\/\/www.europesays.com\/fr\/wp-json\/wp\/v2\/media\/316557"}],"wp:attachment":[{"href":"https:\/\/www.europesays.com\/fr\/wp-json\/wp\/v2\/media?parent=316556"}],"wp:term":[{"taxonomy":"category","embeddable":true,"href":"https:\/\/www.europesays.com\/fr\/wp-json\/wp\/v2\/categories?post=316556"},{"taxonomy":"post_tag","embeddable":true,"href":"https:\/\/www.europesays.com\/fr\/wp-json\/wp\/v2\/tags?post=316556"}],"curies":[{"name":"wp","href":"https:\/\/api.w.org\/{rel}","templated":true}]}}