{"id":316560,"date":"2025-08-13T15:35:13","date_gmt":"2025-08-13T15:35:13","guid":{"rendered":"https:\/\/www.europesays.com\/fr\/316560\/"},"modified":"2025-08-13T15:35:13","modified_gmt":"2025-08-13T15:35:13","slug":"jai-une-nouvelle-pas-terrible-a-vous-annoncer-amir-prend-la-parole-un-arrete-municipal-change-les-plans-quil-avait-dans-le-sud-ouest-de-la-france","status":"publish","type":"post","link":"https:\/\/www.europesays.com\/fr\/316560\/","title":{"rendered":"\u00ab\u00a0J&rsquo;ai une nouvelle pas terrible \u00e0 vous annoncer\u00a0\u00bb : Amir prend la parole, un arr\u00eat\u00e9 municipal change les plans qu&rsquo;il avait dans le sud-ouest de la France"},"content":{"rendered":"<p>            <img loading=\"lazy\" decoding=\"async\" src=\"https:\/\/www.europesays.com\/fr\/wp-content\/uploads\/2025\/04\/144-64f8c016610ee-35x35-1.jpg\" class=\"author-article-picture\" width=\"35\" height=\"35\"\/><\/p>\n<p>                Par<br \/>\n                                    <a class=\"author-article-bio-link\" href=\"https:\/\/www.purepeople.com\/auteur\/louise-martin_a144\" rel=\"nofollow noopener\" target=\"_blank\">Louise Martin<\/a><br \/>\n                                                    | R\u00e9dactrice<\/p>\n<p>\n                Koh Lanta, Les Marseillais mais aussi Mari\u00e9s au Premier regards\u2026 Louise Martin est une t\u00e9l\u00e9vore qui essaye, \u00e0 ses heures perdues, de refaire les g\u00e2teaux qu\u2019elle admire devant le Meilleur P\u00e2tissier\u2026 mais elle ne risque pas de gagner le tablier bleu ! Les r\u00e9seaux sociaux n\u2019ont pas de secret pour elle, les derniers scoops, les derni\u00e8res \u00e9missions, elle les conna\u00eet tous.\n            <\/p>\n<p>\n    En pleine tourn\u00e9e estivale pour d\u00e9fendre son dernier album, Amir a d\u00fb faire face \u00e0 un impr\u00e9vu li\u00e9 \u00e0 un arr\u00eat\u00e9 municipal. Sur Instagram, il a expliqu\u00e9 que cette d\u00e9cision allait impacter certains de ses fans.\n<\/p>\n<p>                            <img loading=\"lazy\" decoding=\"async\" class=\"player-thumbnail\" src=\"https:\/\/www.europesays.com\/fr\/wp-content\/uploads\/2025\/08\/bef045b79519c0ff-580x326-2.jpg\" width=\"580\" height=\"326\"\/><\/p>\n<p>                    \u00ab\u00a0J&rsquo;ai une nouvelle pas terrible \u00e0 vous annoncer\u00a0\u00bb : Amir prend la parole, un arr\u00eat\u00e9 municipal change les plans qu&rsquo;il avait dans le sud-ouest de la France<\/p>\n<p>La suite apr\u00e8s la publicit\u00e9<\/p>\n<p>C&rsquo;\u00e9tait le 13 septembre 2024. <a href=\"https:\/\/www.purepeople.com\/people\/amir-haddad_p111284\" rel=\"nofollow noopener\" target=\"_blank\">Amir<\/a> sortait <strong>son quatri\u00e8me album studio<\/strong>. Intitul\u00e9 C amir, clin d&rsquo;\u0153il au fait que <a href=\"https:\/\/www.purepeople.com\/article\/-c-est-la-premiere-fois-que-amir-chamboule-par-la-disparition-de-sa-mere-il-lui-rend-hommage-d-une-belle-maniere-video_a527895\/1\" rel=\"nofollow noopener\" target=\"_blank\">sa m\u00e8re se nommait Carmi<\/a>, il est compos\u00e9 de douze titres personnels qui d\u00e9voilent \u00ab\u00a0[sa] v\u00e9rit\u00e9, nue et crue, sans artifice ni d\u00e9tour\u00a0\u00bb. Parmi eux, les tubes Sommet, Compl\u00e9mentaires, Supernova, 1er slow et nous. Pour en faire la promotion, <a href=\"https:\/\/www.purepeople.com\/article\/amir-papa-pour-la-troisieme-fois-avec-lital-le-chanteur-en-photo-avec-son-bebe-il-devoile-son-prenom-tres-symbolique_a535195\/1\" rel=\"nofollow noopener\" target=\"_blank\">ce p\u00e8re de trois fils<\/a> a d\u00e9cid\u00e9 d&rsquo;<strong>encha\u00eener les festivals cet \u00e9t\u00e9<\/strong>. Il a ainsi donn\u00e9 de nombreux concerts en plein air \u00e0 Lens, aux Sables-d&rsquo;Olonne, au th\u00e9\u00e2tre antique de Vaison-la-Romaine ou plus r\u00e9cemment, dans les ar\u00e8nes du Grau-du-Roi, dans le Gard, ce mardi 12 ao\u00fbt \u00e0 21h30. Cependant, quelques heures avant de monter sur sc\u00e8ne, le chanteur franco-isra\u00e9lien a pris la parole sur son compte Instagram. Dans une vid\u00e9o o\u00f9 il parle face cam\u00e9ra, il a fait savoir \u00e0 ses 599 000 followers qu&rsquo;il avait \u00ab\u00a0une nouvelle qui est pas terrible \u00e0 [leur] annoncer\u00a0\u00bb.\u00a0<\/p>\n<p>Avant d&rsquo;expliquer qu&rsquo;il ne pourrait pas assurer <strong>son prochain show de ce mercredi 13 ao\u00fbt.<\/strong> \u00ab\u00a0Le concert du C Tour, pr\u00e9vu demain \u00e0 Casteljaloux, organis\u00e9 par le casino de Casteljaloux, \u00e9tait un immense <strong>concert en plein air gratuit <\/strong>o\u00f9 on attendait \u00e9norm\u00e9ment de monde, vient d&rsquo;\u00eatre annul\u00e9\u00a0\u00bb, a-t-il regrett\u00e9. Puis d&rsquo;expliquer pourquoi : \u00ab\u00a0<strong>On a re\u00e7u \u00e0 l&rsquo;instant un arr\u00eat\u00e9 municipal<\/strong> fait par la pr\u00e9fecture car<strong> les risques d&rsquo;incendie sont accrus<\/strong>. La moindre \u00e9tincelle peut lancer un grand d\u00e9part de feu.\u00a0\u00bb Une d\u00e9cision qu&rsquo;il accepte : \u00ab\u00a0\u00c9videmment que personne ne veut prendre ces risques.\u00a0\u00bb Et de promettre qu&rsquo;il reviendra : \u00ab\u00a0Partie remise.\u00a0\u00bb Il a ensuite termin\u00e9 sa s\u00e9quence en disant : \u00ab\u00a0Je vous embrasse. Prenez soin de vous. <strong>Passez un bel \u00e9t\u00e9 tout en s\u00e9curit\u00e9<\/strong>. \u00c0 bient\u00f4t.\u00a0\u00bb \u00a0<\/p>\n<p>Amir fait une pause dans sa tourn\u00e9e, place aux vacances<\/p>\n<p>Avec cette d\u00e9programmation, direction des cong\u00e9s bien m\u00e9rit\u00e9s pour <a href=\"https:\/\/www.purepeople.com\/article\/eurovision-2016-amir-se-felicite-d-avoir-ramene-l-honneur-a-la-france_a184294\/1\" rel=\"nofollow noopener\" target=\"_blank\">celui qui a repr\u00e9sent\u00e9 la France \u00e0 l&rsquo;Eurovision en 2016<\/a> : \u00ab\u00a0Fin de session ao\u00fbt du Ctour. On revient d\u00e9but septembre pour trois derniers festivals : la Foire de Ch\u00e2lons-en-Champagne, Pelliculive (Thuir), les musicales du Parc des oiseaux (Villars-les-Dombes)\u00a0\u00bb, a-t-il \u00e9crit en story ce 13 ao\u00fbt. Il en a profit\u00e9 pour remercier tous ceux qui \u00e9taient venus le voir : \u00ab\u00a0<strong>C&rsquo;\u00e9tait magistral<\/strong>, bonnes vacances et merci pour tout.\u00a0\u00bb Outre les festivals, l&rsquo;interpr\u00e8te d&rsquo;On dirait va continuer de sillonner la France \u00e0 partir d&rsquo;octobre. Il passera notamment par Rouen, Bordeaux, Toulouse, Montpellier, Marseille puis se produira \u00e0 l&rsquo;Accor Arena de Paris Bercy le 6 d\u00e9cembre. Ses fans pourront \u00e9galement le retrouver au Forest national de <strong>Bruxelles <\/strong>(Belgique) le 13 d\u00e9cembre et \u00e0 l&rsquo;Arena de <strong>Gen\u00e8ve <\/strong>(Suisse) le 20.<\/p>\n","protected":false},"excerpt":{"rendered":"Par Louise Martin | R\u00e9dactrice Koh Lanta, Les Marseillais mais aussi Mari\u00e9s au Premier regards\u2026 Louise Martin est&hellip;\n","protected":false},"author":2,"featured_media":316561,"comment_status":"","ping_status":"","sticky":false,"template":"","format":"standard","meta":{"footnotes":""},"categories":[1356],"tags":[58,59,1011,27,252,1364],"class_list":{"0":"post-316560","1":"post","2":"type-post","3":"status-publish","4":"format-standard","5":"has-post-thumbnail","7":"category-television","8":"tag-divertissement","9":"tag-entertainment","10":"tag-fr","11":"tag-france","12":"tag-television","13":"tag-tv"},"share_on_mastodon":{"url":"https:\/\/pubeurope.com\/@fr\/115022195963653888","error":""},"_links":{"self":[{"href":"https:\/\/www.europesays.com\/fr\/wp-json\/wp\/v2\/posts\/316560","targetHints":{"allow":["GET"]}}],"collection":[{"href":"https:\/\/www.europesays.com\/fr\/wp-json\/wp\/v2\/posts"}],"about":[{"href":"https:\/\/www.europesays.com\/fr\/wp-json\/wp\/v2\/types\/post"}],"author":[{"embeddable":true,"href":"https:\/\/www.europesays.com\/fr\/wp-json\/wp\/v2\/users\/2"}],"replies":[{"embeddable":true,"href":"https:\/\/www.europesays.com\/fr\/wp-json\/wp\/v2\/comments?post=316560"}],"version-history":[{"count":0,"href":"https:\/\/www.europesays.com\/fr\/wp-json\/wp\/v2\/posts\/316560\/revisions"}],"wp:featuredmedia":[{"embeddable":true,"href":"https:\/\/www.europesays.com\/fr\/wp-json\/wp\/v2\/media\/316561"}],"wp:attachment":[{"href":"https:\/\/www.europesays.com\/fr\/wp-json\/wp\/v2\/media?parent=316560"}],"wp:term":[{"taxonomy":"category","embeddable":true,"href":"https:\/\/www.europesays.com\/fr\/wp-json\/wp\/v2\/categories?post=316560"},{"taxonomy":"post_tag","embeddable":true,"href":"https:\/\/www.europesays.com\/fr\/wp-json\/wp\/v2\/tags?post=316560"}],"curies":[{"name":"wp","href":"https:\/\/api.w.org\/{rel}","templated":true}]}}