{"id":316562,"date":"2025-08-13T15:36:12","date_gmt":"2025-08-13T15:36:12","guid":{"rendered":"https:\/\/www.europesays.com\/fr\/316562\/"},"modified":"2025-08-13T15:36:12","modified_gmt":"2025-08-13T15:36:12","slug":"vianney-vu-dans-une-station-service-du-morbihan-ou-les-stars-defilent-le-chanteur-prend-la-pose-avec-deux-membres-du-personnel","status":"publish","type":"post","link":"https:\/\/www.europesays.com\/fr\/316562\/","title":{"rendered":"Vianney vu dans une station service du Morbihan o\u00f9 les stars d\u00e9filent : le chanteur prend la pose avec deux membres du personnel !"},"content":{"rendered":"<p>            <img loading=\"lazy\" decoding=\"async\" src=\"https:\/\/www.europesays.com\/fr\/wp-content\/uploads\/2025\/04\/144-64f8c016610ee-35x35-1.jpg\" class=\"author-article-picture\" width=\"35\" height=\"35\"\/><\/p>\n<p>                Par<br \/>\n                                    <a class=\"author-article-bio-link\" href=\"https:\/\/www.purepeople.com\/auteur\/louise-martin_a144\" rel=\"nofollow noopener\" target=\"_blank\">Louise Martin<\/a><br \/>\n                                                    | R\u00e9dactrice<\/p>\n<p>\n                Koh Lanta, Les Marseillais mais aussi Mari\u00e9s au Premier regards\u2026 Louise Martin est une t\u00e9l\u00e9vore qui essaye, \u00e0 ses heures perdues, de refaire les g\u00e2teaux qu\u2019elle admire devant le Meilleur P\u00e2tissier\u2026 mais elle ne risque pas de gagner le tablier bleu ! Les r\u00e9seaux sociaux n\u2019ont pas de secret pour elle, les derniers scoops, les derni\u00e8res \u00e9missions, elle les conna\u00eet tous.\n            <\/p>\n<p>\n    Vianney, en pleine pause estivale, a \u00e9t\u00e9 aper\u00e7u ce lundi 11 ao\u00fbt 2025 dans une station-service \u00e0 c\u00f4t\u00e9 de Vannes, en Bretagne. Le chanteur en a profit\u00e9 pour prendre une photo avec deux salari\u00e9es, immortalisant ce moment simple et convivial.\n<\/p>\n<p>                            <img loading=\"lazy\" decoding=\"async\" class=\"player-thumbnail\" src=\"https:\/\/www.europesays.com\/fr\/wp-content\/uploads\/2025\/08\/92ef87e3413f2c66-580x326-1.jpg\" width=\"580\" height=\"326\"\/><\/p>\n<p>                    Vianney vu dans une station service du Morbihan o\u00f9 les stars d\u00e9filent : le chanteur prend la pose avec deux membres du personnel !<\/p>\n<p>La suite apr\u00e8s la publicit\u00e9<\/p>\n<p>Une d\u00e9cision qui avait surpris tout le monde. Le 23 juin dernier, <a href=\"https:\/\/www.purepeople.com\/people\/vianney-bureau_p544605\" rel=\"nofollow noopener\" target=\"_blank\">Vianney<\/a> annon\u00e7ait <a href=\"https:\/\/www.purepeople.com\/article\/vianney-dit-stop-a-the-voice-et-sisole-en-pleine-nature-avec-un-projet-surprenant-jy-connais-rien-mais_a539673\/1\" rel=\"nofollow noopener\" target=\"_blank\">prendre du recul par rapport \u00e0 sa carri\u00e8re musicale<\/a>. \u00ab\u00a0\u00c7a fait cinq ans que je mets tout mon c\u0153ur et tout mon temps au service de projets pour d&rsquo;autres, avec d&rsquo;autres, et j&rsquo;ai ador\u00e9 \u00e7a. J&rsquo;ai aussi essay\u00e9 de transmettre un petit peu, comme j&rsquo;ai pu,<strong> je pense \u00e0<\/strong><strong> The Voice<\/strong><strong> qui a \u00e9t\u00e9 vraiment l&rsquo;une des aventures les plus belles de ma vie. Mais je ressens le besoin de tourner ces pages-l\u00e0 pour un temps, me retrouver un petit peu moi<\/strong>\u00ab\u00a0, confiait-il en vid\u00e9o sur son compte Instagram. Et de confier qu&rsquo;un nouveau projet allait beaucoup l&rsquo;occuper ces prochains mois : \u00ab\u00a0J\u2019ai pr\u00e9vu de<strong> construire une cabane<\/strong>, un refuge, un endroit o\u00f9 je puisse mettre un piano, un lit et une table et que je construise de mes mains surtout. Je crois que c\u2019est cet aspect-l\u00e0 qui m\u2019int\u00e9resse, c\u2019est non plus de produire mais de construire.\u00a0\u00bb Un chantier, en pleine nature, dans une for\u00eat priv\u00e9e, <a href=\"https:\/\/www.purepeople.com\/article\/un-projet-en-famille-vianney-porte-par-son-fils-edgar-3-ans-et-demi-le-chanteur-devoile-en-images-ou-il-en-est-dans-sa-fameuse-construction-retiree-de-tout_a540974\/1\" rel=\"nofollow noopener\" target=\"_blank\">dont il partage r\u00e9guli\u00e8rement l&rsquo;avanc\u00e9e<\/a> sur sa cha\u00eene YouTube. Pour l&rsquo;encourager, l&rsquo;ancien coach du t\u00e9l\u00e9-crochet de TF1 peut compter sur son fils, <a href=\"https:\/\/www.purepeople.com\/article\/vianney-papa-d-edgar-gate-par-son-petit-garcon-de-3-ans-pour-la-fete-des-peres-le-chanteur-montre-ses-cadeaux_a539339\/1\" rel=\"nofollow noopener\" target=\"_blank\">Edgar<\/a>, trois ans, et sa compagne, <a href=\"https:\/\/www.purepeople.com\/article\/vianney-et-sa-femme-catherine-robert-le-couple-discret-ouvre-les-portes-de-son-quotidien_a532783\/1\" rel=\"nofollow noopener\" target=\"_blank\">Catherine Robert<\/a>.<\/p>\n<p>Pourquoi Vianney \u00e9tait-il de passage dans le Morbihan ?<\/p>\n<p>Mais en ce mois d&rsquo;ao\u00fbt, l&rsquo;interpr\u00e8te de Beau-papa a d\u00e9cid\u00e9 de faire une pause et s&rsquo;accorder des cong\u00e9s estivaux. Ce lundi 11 ao\u00fbt 2025, vers midi, il a \u00e9t\u00e9 aper\u00e7u en <strong>Bretagne<\/strong>. Il s&rsquo;est arr\u00eat\u00e9 \u00e0 la station-service TotalEnergies de Theix-Noyalo, \u00e0 cinq kilom\u00e8tres de Vannes. Ses employ\u00e9es Jocelyne et Audrey ont reconnu la star, comme le rapporte le site Actu.fr. \u00ab\u00a0Il est tr\u00e8s accessible. Il venait voir sa famille dans le golfe du Morbihan\u00a0\u00bb, t\u00e9moigne Audrey aupr\u00e8s de nos confr\u00e8res. La veille, l&rsquo;artiste avait pass\u00e9 la journ\u00e9e avec ses proches au <strong>parc refuge animalier de Pont-Scorff<\/strong>, dont il est le parrain.<\/p>\n<\/p>\n<p>Vianney, sourire aux l\u00e8vres, a ensuite pris une photo avec les deux salari\u00e9es pour immortaliser ce moment. Le clich\u00e9 a ensuite \u00e9t\u00e9 partag\u00e9 sur la page Facebook de l\u2019aire d\u2019autoroute. \u00ab\u00a0L&rsquo;\u00e9t\u00e9, on a toujours du beau monde qui passe sur notre station-service et \u00e7a fait toujours plaisir ! Cette ann\u00e9e c&rsquo;est Vianney que nous avons eu le plaisir de croiser ! Un joli souvenir.\u00a0\u00bb L&rsquo;ex tennisman <a href=\"https:\/\/www.purepeople.com\/people\/yannick-noah_p646\" rel=\"nofollow noopener\" target=\"_blank\">Yannick Noah<\/a> et le navigateur <a href=\"https:\/\/www.purepeople.com\/article\/michel-desjoyeaux-le-marin-touche-par-un-nouveau-deuil_a86208\/1\" rel=\"nofollow noopener\" target=\"_blank\">Michel Desjoyeaux<\/a> avaient marqu\u00e9 une halte dans ce lieu l&rsquo;an dernier, d\u00e9voile Audrey. Un bon plan insolite pour croiser des c\u00e9l\u00e9brit\u00e9s.\u00a0<\/p>\n","protected":false},"excerpt":{"rendered":"Par Louise Martin | R\u00e9dactrice Koh Lanta, Les Marseillais mais aussi Mari\u00e9s au Premier regards\u2026 Louise Martin est&hellip;\n","protected":false},"author":2,"featured_media":316563,"comment_status":"","ping_status":"","sticky":false,"template":"","format":"standard","meta":{"footnotes":""},"categories":[1355],"tags":[58,59,1011,27,1361,873],"class_list":{"0":"post-316562","1":"post","2":"type-post","3":"status-publish","4":"format-standard","5":"has-post-thumbnail","7":"category-musique","8":"tag-divertissement","9":"tag-entertainment","10":"tag-fr","11":"tag-france","12":"tag-music","13":"tag-musique"},"share_on_mastodon":{"url":"https:\/\/pubeurope.com\/@fr\/115022199805139864","error":""},"_links":{"self":[{"href":"https:\/\/www.europesays.com\/fr\/wp-json\/wp\/v2\/posts\/316562","targetHints":{"allow":["GET"]}}],"collection":[{"href":"https:\/\/www.europesays.com\/fr\/wp-json\/wp\/v2\/posts"}],"about":[{"href":"https:\/\/www.europesays.com\/fr\/wp-json\/wp\/v2\/types\/post"}],"author":[{"embeddable":true,"href":"https:\/\/www.europesays.com\/fr\/wp-json\/wp\/v2\/users\/2"}],"replies":[{"embeddable":true,"href":"https:\/\/www.europesays.com\/fr\/wp-json\/wp\/v2\/comments?post=316562"}],"version-history":[{"count":0,"href":"https:\/\/www.europesays.com\/fr\/wp-json\/wp\/v2\/posts\/316562\/revisions"}],"wp:featuredmedia":[{"embeddable":true,"href":"https:\/\/www.europesays.com\/fr\/wp-json\/wp\/v2\/media\/316563"}],"wp:attachment":[{"href":"https:\/\/www.europesays.com\/fr\/wp-json\/wp\/v2\/media?parent=316562"}],"wp:term":[{"taxonomy":"category","embeddable":true,"href":"https:\/\/www.europesays.com\/fr\/wp-json\/wp\/v2\/categories?post=316562"},{"taxonomy":"post_tag","embeddable":true,"href":"https:\/\/www.europesays.com\/fr\/wp-json\/wp\/v2\/tags?post=316562"}],"curies":[{"name":"wp","href":"https:\/\/api.w.org\/{rel}","templated":true}]}}