{"id":316568,"date":"2025-08-13T15:39:11","date_gmt":"2025-08-13T15:39:11","guid":{"rendered":"https:\/\/www.europesays.com\/fr\/316568\/"},"modified":"2025-08-13T15:39:11","modified_gmt":"2025-08-13T15:39:11","slug":"zhegrova-vers-lom-un-pret-avec-option-dachat-a-letude","status":"publish","type":"post","link":"https:\/\/www.europesays.com\/fr\/316568\/","title":{"rendered":"Zhegrova vers l\u2019OM, un pr\u00eat avec option d\u2019achat \u00e0 l\u2019\u00e9tude"},"content":{"rendered":"<p>Nouveau rebondissement dans le dossier Edon Zhegrova. l\u2019OM et le LOSC ont entam\u00e9 des discussions pour un possible pr\u00eat avec option d\u2019achat de l\u2019attaquant kosovar.<\/p>\n<p class=\"fig-paragraph\">Le verdict se rapproche dans le dossier du transfert d<a href=\"http:\/\/www.lefigaro.fr\/sports\/football\/transferts\/j-aime-plus-lille-que-marseille-quand-edon-zhegrova-snobait-l-om-video-20250805\" data-fig-type=\"NewsFlash\" data-gtm-custom-categorie=\"navigation\" data-gtm-custom-action=\"crossclick\" data-gtm-custom-label=\"Contextuel\" data-gtm-event=\"customEventSPE\" data-fig-domain=\"LEFIGARO\" target=\"_blank\" rel=\"noopener\">\u2019Edon Zhegrova<\/a>\u00a0\u00e0 l\u2019OM. Si le joueur a annonc\u00e9 depuis maintenant quelque temps son envie de rejoindre le club phoc\u00e9en, le pr\u00e9sident de Lille<a href=\"http:\/\/www.lefigaro.fr\/sports\/football\/foot-le-president-du-losc-olivier-letang-echappe-a-des-sanctions-de-l-uefa-malgre-ses-propos-sur-l-arbitre-de-lille-dortmund-20250314\" data-fig-type=\"NewsFlash\" data-gtm-custom-categorie=\"navigation\" data-gtm-custom-action=\"crossclick\" data-gtm-custom-label=\"Contextuel\" data-gtm-event=\"customEventSPE\" data-fig-domain=\"LEFIGARO\" target=\"_blank\" rel=\"noopener\">\u00a0Olivier L\u00e9tang<\/a>\u00a0avait d\u00e9menti les rumeurs en conf\u00e9rence de presse. Cependant, selon les informations de\u00a0<a href=\"https:\/\/www.footmercato.net\/a2346011095675192383-lom-a-entame-des-discussions-avec-le-losc-pour-edon-zhegrova\" target=\"_blank\" rel=\"sponsored noopener\" data-gtm-custom-categorie=\"navigation\" data-gtm-custom-action=\"crossclick\" data-gtm-custom-label=\"Contextuel\" data-gtm-event=\"customEventSPE\">Foot Mercato<\/a>, la donne a chang\u00e9.<\/p>\n<p class=\"fig-paragraph\">En effet, les deux clubs auraient entam\u00e9 des discussions pour sceller l\u2019avenir du joueur du LOSC. Marseille et Lille seraient donc proches de trouver un accord pour un pr\u00eat avec option d\u2019achat d\u2019une saison. Cependant, le prix de cette transaction n\u2019a pas encore fuit\u00e9.<\/p>\n","protected":false},"excerpt":{"rendered":"Nouveau rebondissement dans le dossier Edon Zhegrova. l\u2019OM et le LOSC ont entam\u00e9 des discussions pour un possible&hellip;\n","protected":false},"author":2,"featured_media":316569,"comment_status":"","ping_status":"","sticky":false,"template":"","format":"standard","meta":{"footnotes":""},"categories":[9],"tags":[1011,27,2267,1434,1176,60],"class_list":{"0":"post-316568","1":"post","2":"type-post","3":"status-publish","4":"format-standard","5":"has-post-thumbnail","7":"category-sports","8":"tag-fr","9":"tag-france","10":"tag-losc","11":"tag-mercato","12":"tag-olympique-de-marseille","13":"tag-sports"},"share_on_mastodon":{"url":"https:\/\/pubeurope.com\/@fr\/115022211589823203","error":""},"_links":{"self":[{"href":"https:\/\/www.europesays.com\/fr\/wp-json\/wp\/v2\/posts\/316568","targetHints":{"allow":["GET"]}}],"collection":[{"href":"https:\/\/www.europesays.com\/fr\/wp-json\/wp\/v2\/posts"}],"about":[{"href":"https:\/\/www.europesays.com\/fr\/wp-json\/wp\/v2\/types\/post"}],"author":[{"embeddable":true,"href":"https:\/\/www.europesays.com\/fr\/wp-json\/wp\/v2\/users\/2"}],"replies":[{"embeddable":true,"href":"https:\/\/www.europesays.com\/fr\/wp-json\/wp\/v2\/comments?post=316568"}],"version-history":[{"count":0,"href":"https:\/\/www.europesays.com\/fr\/wp-json\/wp\/v2\/posts\/316568\/revisions"}],"wp:featuredmedia":[{"embeddable":true,"href":"https:\/\/www.europesays.com\/fr\/wp-json\/wp\/v2\/media\/316569"}],"wp:attachment":[{"href":"https:\/\/www.europesays.com\/fr\/wp-json\/wp\/v2\/media?parent=316568"}],"wp:term":[{"taxonomy":"category","embeddable":true,"href":"https:\/\/www.europesays.com\/fr\/wp-json\/wp\/v2\/categories?post=316568"},{"taxonomy":"post_tag","embeddable":true,"href":"https:\/\/www.europesays.com\/fr\/wp-json\/wp\/v2\/tags?post=316568"}],"curies":[{"name":"wp","href":"https:\/\/api.w.org\/{rel}","templated":true}]}}