{"id":31657,"date":"2025-04-17T12:30:19","date_gmt":"2025-04-17T12:30:19","guid":{"rendered":"https:\/\/www.europesays.com\/fr\/31657\/"},"modified":"2025-04-17T12:30:19","modified_gmt":"2025-04-17T12:30:19","slug":"reze-un-concert-pour-senvoler-chez-scopeli","status":"publish","type":"post","link":"https:\/\/www.europesays.com\/fr\/31657\/","title":{"rendered":"Rez\u00e9. Un concert pour s\u2019envoler chez Scop\u00e9li"},"content":{"rendered":"<p>Jeudi 24\u00a0avril \u00e0 20\u00a0h\u00a030, Scop\u00e9li, supermarch\u00e9 coop\u00e9ratif et participatif (20, rue de l\u2019Abb\u00e9-Gr\u00e9goire), organise un concert de Fane Desrues. Auteure, compositrice, interpr\u00e8te et pianiste, elle revient pour la premi\u00e8re, en public, de son nouveau tour de chant, L\u2019envol.<\/p>\n<p>Au fil de ses notes et de sa douce voix, elle partage sa fragilit\u00e9, ses doutes, coups de c\u0153ur et tout l\u2019amour qui la guide. En 2022, elle sort son premier album, Femme enti\u00e8re. \u00a0Ses chansons sont intimes, po\u00e9tiques et engag\u00e9es. Avec L\u2019Envol, son nouveau projet port\u00e9 avec le contrebassiste de jazz Sylvain Didou, elle confirme une identit\u00e9 f\u00e9ministe o\u00f9 le fragile se transforme en force. Leur fusion musicale, toute en subtilit\u00e9 et d\u2019une grande profondeur, est bouleversante et laissera sans aucun doute, des souvenirs inoubliables\u00a0, assurent les organisateurs qui ont re\u00e7u Fane en 2023, pour A fleur de mots. \u00a0Un \u00e9v\u00e9nement qu\u2019on ne peut refuser\u00a0!\u00a0 confient les scop\u00e9liens.<\/p>\n<p>Tarifs\u00a0: 13\u00a0\u20ac, 10\u00a0\u20ac pour les solidaires et 7\u00a0\u20ac pour les minima sociaux. 75\u00a0places seulement. Billetterie\u00a0: billetweb.fr\/lenvol3. Rens\u00a0: animations@scopeli.fr ou 06\u00a051\u00a071\u00a036\u00a034.<\/p>\n<p>\u00a0<\/p>\n","protected":false},"excerpt":{"rendered":"Jeudi 24\u00a0avril \u00e0 20\u00a0h\u00a030, Scop\u00e9li, supermarch\u00e9 coop\u00e9ratif et participatif (20, rue de l\u2019Abb\u00e9-Gr\u00e9goire), organise un concert de Fane&hellip;\n","protected":false},"author":2,"featured_media":31658,"comment_status":"","ping_status":"","sticky":false,"template":"","format":"standard","meta":{"footnotes":""},"categories":[2818],"tags":[1111,11,1697,10738,1777,674,1011,27,766,12,2636,25,3740,10739],"class_list":{"0":"post-31657","1":"post","2":"type-post","3":"status-publish","4":"format-standard","5":"has-post-thumbnail","7":"category-nantes","8":"tag-actu","9":"tag-actualites","10":"tag-concert","11":"tag-envoler","12":"tag-eu","13":"tag-europe","14":"tag-fr","15":"tag-france","16":"tag-nantes","17":"tag-news","18":"tag-pays-de-la-loire","19":"tag-republique-francaise","20":"tag-reze","21":"tag-scopeli"},"share_on_mastodon":{"url":"https:\/\/pubeurope.com\/@fr\/114353315939805243","error":""},"_links":{"self":[{"href":"https:\/\/www.europesays.com\/fr\/wp-json\/wp\/v2\/posts\/31657","targetHints":{"allow":["GET"]}}],"collection":[{"href":"https:\/\/www.europesays.com\/fr\/wp-json\/wp\/v2\/posts"}],"about":[{"href":"https:\/\/www.europesays.com\/fr\/wp-json\/wp\/v2\/types\/post"}],"author":[{"embeddable":true,"href":"https:\/\/www.europesays.com\/fr\/wp-json\/wp\/v2\/users\/2"}],"replies":[{"embeddable":true,"href":"https:\/\/www.europesays.com\/fr\/wp-json\/wp\/v2\/comments?post=31657"}],"version-history":[{"count":0,"href":"https:\/\/www.europesays.com\/fr\/wp-json\/wp\/v2\/posts\/31657\/revisions"}],"wp:featuredmedia":[{"embeddable":true,"href":"https:\/\/www.europesays.com\/fr\/wp-json\/wp\/v2\/media\/31658"}],"wp:attachment":[{"href":"https:\/\/www.europesays.com\/fr\/wp-json\/wp\/v2\/media?parent=31657"}],"wp:term":[{"taxonomy":"category","embeddable":true,"href":"https:\/\/www.europesays.com\/fr\/wp-json\/wp\/v2\/categories?post=31657"},{"taxonomy":"post_tag","embeddable":true,"href":"https:\/\/www.europesays.com\/fr\/wp-json\/wp\/v2\/tags?post=31657"}],"curies":[{"name":"wp","href":"https:\/\/api.w.org\/{rel}","templated":true}]}}