{"id":316572,"date":"2025-08-13T15:41:11","date_gmt":"2025-08-13T15:41:11","guid":{"rendered":"https:\/\/www.europesays.com\/fr\/316572\/"},"modified":"2025-08-13T15:41:11","modified_gmt":"2025-08-13T15:41:11","slug":"iphone-17-air-nouvelle-deception-pour-le-premier-smartphone-ultra-fin-dapple","status":"publish","type":"post","link":"https:\/\/www.europesays.com\/fr\/316572\/","title":{"rendered":"iPhone 17 Air : nouvelle d\u00e9ception pour le premier smartphone ultra-fin d\u2019Apple"},"content":{"rendered":"<p>En bref<\/p>\n<ul class=\"ed__lists ed__bdy__l\">\n<li>L\u2019iPhone 17 Air pourrait perdre un c\u0153ur GPU face aux mod\u00e8les Pro 2025.<\/li>\n<li>\u00c0 cela s\u2019ajouterait des concessions sur la photo, l&rsquo;autonomie, l&rsquo;affichage et l&rsquo;audio.<\/li>\n<li>Un choix qui correspond \u00e0 la cible, des utilisateurs peu exigeants privil\u00e9giant l&rsquo;essentiel de l&rsquo;iPhone dans un design innovant par son ultra-finesse.<\/li>\n<\/ul>\n<p class=\"ed__a-p ed__bdy__l\">Proche des iPhone 17 Pro, mais pas trop : telle est la d\u00e9finition du <a href=\"https:\/\/www.lesnumeriques.com\/telephone-portable\/iphone-17-air-4-raisons-qui-vont-en-faire-le-prochain-incontournable-d-apple-n236635.html\" title=\"iPhone 17 Air : 4 raisons qui vont en faire le prochain incontournable d\u2019Apple\" rel=\"nofollow noopener\" target=\"_blank\">premier mod\u00e8le Air d\u2019Apple<\/a>. Au fur et \u00e0 mesure des rumeurs, on se rend en effet compte que les concessions sont bien pr\u00e9sentes, et parfois plus qu\u2019envisag\u00e9es. La derni\u00e8re en date ajoute une d\u00e9ception \u00e0 la fiche technique de ce mod\u00e8le, finalement moins puissant. Mais est-ce vraiment grave ?<\/p>\n<p>Une A19 Pro bien diff\u00e9rente entre l\u2019iPhone 17 Air et les iPhone 17 Pro<\/p>\n<p class=\"ed__a-p ed__bdy__l\">Annonc\u00e9 comme un monstre de puissance, <a href=\"https:\/\/www.lesnumeriques.com\/telephone-portable\/iphone-17-air-un-modele-ultra-fin-taille-pour-apple-intelligence-n236082.html\" title=\"iPhone 17 Air : un mod\u00e8le ultra-fin taill\u00e9 pour Apple Intelligence\" rel=\"nofollow noopener\" target=\"_blank\">avec la puce A19 Pro et 12 Go de RAM<\/a>, l\u2019iPhone 17 Air n\u2019aurait finalement pas toute la puissance des mod\u00e8les haut de gamme Apple. Fixed Focus Digital a en effet r\u00e9it\u00e9r\u00e9 l\u2019une de ses rumeurs pass\u00e9e un peu sous les radars en juillet 2025, \u00e9voquant une partie graphique all\u00e9g\u00e9e.<\/p>\n<p class=\"ed__a-p ed__bdy__l\">D\u2019apr\u00e8s ses informations, l\u2019A19 Pro de l\u2019iPhone 17 Air n\u2019aurait que 5 c\u0153urs GPU, contre 6 c\u0153urs sur les mod\u00e8les Pro. L\u2019occasion pour Apple de faire quelques \u00e9conomies\u2026 et c\u2019est peu de le dire.<\/p>\n<p class=\"ed__a-p ed__bdy__l\">Comme le rappelle 9to5Mac : \u201cLes puces d\u00e9fectueuses sont mises au rebut, mais leur co\u00fbt de production est si \u00e9lev\u00e9 qu&rsquo;elles ne sont pas pour autant jet\u00e9es. Apple choisit souvent de les utiliser dans des appareils moins performants\u201d.<\/p>\n<p class=\"ed__a-p ed__bdy__l\">Dans tous les cas, enlever un c\u0153ur du processeur graphique de l\u2019iPhone 17 Air \u2014 que ce soit volontairement ou \u00e0 cause de la cha\u00eene de production \u2014 n\u2019est pas un vrai probl\u00e8me. En effet, seuls les joueurs et les power users utilisant des applications gourmandes, comme le montage vid\u00e9o, remarqueront la diff\u00e9rence.<\/p>\n<p class=\"ed__a-p ed__bdy__l\">Une <a href=\"https:\/\/www.lesnumeriques.com\/telephone-portable\/apple-iphone-17-air-un-modele-presque-pro-mais-pas-sur-ces-points-cles-n239554.html\" title=\"Apple iPhone 17 Air\u00a0: un mod\u00e8le presque Pro, mais pas sur ces points cl\u00e9s\" rel=\"nofollow noopener\" target=\"_blank\">concession de plus \u00e0 prendre en compte<\/a> pour ce premier iPhone ultra-fin, s\u2019ajoutant ainsi \u00e0 une partie photo, autonomie, affichage ou encore audio limit\u00e9e par rapport aux mod\u00e8les standard et Pro.<\/p>\n<p class=\"ed__a-p ed__bdy__l\">L\u2019iPhone 17 Air serait tout de m\u00eame l\u2019alli\u00e9 id\u00e9al des clients Apple les moins exigeants, habitu\u00e9s aux mod\u00e8les d\u2019entr\u00e9e de gamme ou Plus, et d\u00e9sireux d\u2019avoir un smartphone \u00e0 la <a href=\"https:\/\/www.lesnumeriques.com\/telephone-portable\/ils-vont-en-vendre-des-tonnes-l-iphone-17-air-fascine-dans-cette-video-de-prise-en-main-n235886.html\" title=\"\u201cIls vont en vendre des tonnes\u201d : l\u2019iPhone 17 Air fascine dans cette vid\u00e9o de prise en main\" rel=\"nofollow noopener\" target=\"_blank\">pointe de l\u2019innovation c\u00f4t\u00e9 design<\/a>.<\/p>\n<p>            Publicit\u00e9, votre contenu continue ci-dessous<\/p>\n<p>        Publicit\u00e9<\/p>\n","protected":false},"excerpt":{"rendered":"En bref L\u2019iPhone 17 Air pourrait perdre un c\u0153ur GPU face aux mod\u00e8les Pro 2025. \u00c0 cela s\u2019ajouterait&hellip;\n","protected":false},"author":2,"featured_media":316573,"comment_status":"","ping_status":"","sticky":false,"template":"","format":"standard","meta":{"footnotes":""},"categories":[7],"tags":[1011,27,43,40,41,39,42,44],"class_list":{"0":"post-316572","1":"post","2":"type-post","3":"status-publish","4":"format-standard","5":"has-post-thumbnail","7":"category-sciences-et-technologies","8":"tag-fr","9":"tag-france","10":"tag-science","11":"tag-science-and-technology","12":"tag-sciences","13":"tag-sciences-et-technologies","14":"tag-technologies","15":"tag-technology"},"share_on_mastodon":{"url":"https:\/\/pubeurope.com\/@fr\/115022219422352310","error":""},"_links":{"self":[{"href":"https:\/\/www.europesays.com\/fr\/wp-json\/wp\/v2\/posts\/316572","targetHints":{"allow":["GET"]}}],"collection":[{"href":"https:\/\/www.europesays.com\/fr\/wp-json\/wp\/v2\/posts"}],"about":[{"href":"https:\/\/www.europesays.com\/fr\/wp-json\/wp\/v2\/types\/post"}],"author":[{"embeddable":true,"href":"https:\/\/www.europesays.com\/fr\/wp-json\/wp\/v2\/users\/2"}],"replies":[{"embeddable":true,"href":"https:\/\/www.europesays.com\/fr\/wp-json\/wp\/v2\/comments?post=316572"}],"version-history":[{"count":0,"href":"https:\/\/www.europesays.com\/fr\/wp-json\/wp\/v2\/posts\/316572\/revisions"}],"wp:featuredmedia":[{"embeddable":true,"href":"https:\/\/www.europesays.com\/fr\/wp-json\/wp\/v2\/media\/316573"}],"wp:attachment":[{"href":"https:\/\/www.europesays.com\/fr\/wp-json\/wp\/v2\/media?parent=316572"}],"wp:term":[{"taxonomy":"category","embeddable":true,"href":"https:\/\/www.europesays.com\/fr\/wp-json\/wp\/v2\/categories?post=316572"},{"taxonomy":"post_tag","embeddable":true,"href":"https:\/\/www.europesays.com\/fr\/wp-json\/wp\/v2\/tags?post=316572"}],"curies":[{"name":"wp","href":"https:\/\/api.w.org\/{rel}","templated":true}]}}