{"id":316574,"date":"2025-08-13T15:42:12","date_gmt":"2025-08-13T15:42:12","guid":{"rendered":"https:\/\/www.europesays.com\/fr\/316574\/"},"modified":"2025-08-13T15:42:12","modified_gmt":"2025-08-13T15:42:12","slug":"ces-nouveaux-risques-pourraient-mettre-en-peril-lavenir-des-voitures-electriques","status":"publish","type":"post","link":"https:\/\/www.europesays.com\/fr\/316574\/","title":{"rendered":"Ces nouveaux risques pourraient mettre en p\u00e9ril l\u2019avenir des voitures \u00e9lectriques"},"content":{"rendered":"<p>Un march\u00e9 en plein essor\u2026 mais fragilis\u00e9<\/p>\n<p>Les ventes de voitures \u00e9lectriques battent des records en Europe, encourag\u00e9es par les aides gouvernementales et la transition \u00e9nerg\u00e9tique. Pourtant, derri\u00e8re cette croissance, de <strong>nouveaux risques \u00e9mergent<\/strong> et inqui\u00e8tent les acteurs du secteur.<\/p>\n<p>Des probl\u00e8mes techniques, des tensions sur les mati\u00e8res premi\u00e8res et des menaces environnementales pourraient freiner, voire inverser, cette dynamique.<\/p>\n<p><strong>\u00ab L\u2019avenir des v\u00e9hicules \u00e9lectriques n\u2019est pas garanti si nous n\u2019anticipons pas ces d\u00e9fis \u00bb,<\/strong> avertit un analyste du march\u00e9 automobile.<\/p>\n<p>Des vuln\u00e9rabilit\u00e9s technologiques<\/p>\n<p>Si les voitures \u00e9lectriques s\u00e9duisent par leur absence d\u2019\u00e9missions directes, elles d\u00e9pendent de <strong>technologies encore jeunes<\/strong> et parfois fragiles. Les batteries, c\u0153ur du syst\u00e8me, restent co\u00fbteuses \u00e0 produire et sensibles aux temp\u00e9ratures extr\u00eames.<\/p>\n<p>Certains incidents r\u00e9cents ont mis en lumi\u00e8re :<\/p>\n<ul class=\"wp-block-list\">\n<li>Des risques d\u2019incendie li\u00e9s \u00e0 des surchauffes<\/li>\n<li>Une baisse d\u2019autonomie acc\u00e9l\u00e9r\u00e9e en cas d\u2019utilisation intensive<\/li>\n<li>Des co\u00fbts \u00e9lev\u00e9s de remplacement de batterie<\/li>\n<\/ul>\n<p>Ces points, encore minoritaires mais m\u00e9diatis\u00e9s, peuvent influencer la confiance des consommateurs.<\/p>\n<p>La bataille des mati\u00e8res premi\u00e8res<\/p>\n<p>La fabrication des batteries repose sur des mat\u00e9riaux comme le lithium, le cobalt ou le nickel. Or, l\u2019offre de ces ressources est limit\u00e9e et concentr\u00e9e dans quelques pays.<\/p>\n<p>Comparatif de l\u2019\u00e9volution du prix du lithium ces cinq derni\u00e8res ann\u00e9es :<\/p>\n<tr>Ann\u00e9ePrix moyen (USD\/tonne)Variation<\/tr>\n<tr>\n<td>2019<\/td>\n<td>12 000<\/td>\n<td>\u2014<\/td>\n<\/tr>\n<tr>\n<td>2020<\/td>\n<td>9 000<\/td>\n<td>-25 %<\/td>\n<\/tr>\n<tr>\n<td>2021<\/td>\n<td>17 000<\/td>\n<td>+88 %<\/td>\n<\/tr>\n<tr>\n<td>2022<\/td>\n<td>70 000<\/td>\n<td>+311 %<\/td>\n<\/tr>\n<tr>\n<td>2023<\/td>\n<td>45 000<\/td>\n<td>-36 %<\/td>\n<\/tr>\n<p>Cette volatilit\u00e9 complique la planification des constructeurs et pourrait se r\u00e9percuter sur le prix final des v\u00e9hicules.<\/p>\n<p>Un impact environnemental moins neutre que pr\u00e9vu<\/p>\n<p>Contrairement \u00e0 l\u2019image \u00ab z\u00e9ro \u00e9mission \u00bb souvent mise en avant, la production d\u2019une voiture \u00e9lectrique g\u00e9n\u00e8re une <strong>empreinte carbone initiale \u00e9lev\u00e9e<\/strong>, notamment \u00e0 cause de l\u2019extraction et du transport des mat\u00e9riaux.<\/p>\n<p>De plus, le recyclage des batteries est encore \u00e0 ses d\u00e9buts : seuls quelques sites sp\u00e9cialis\u00e9s sont capables de traiter efficacement les composants, et leur capacit\u00e9 est limit\u00e9e.<\/p>\n<p>Comment anticiper ces menaces ?<\/p>\n<p>Pour que l\u2019avenir des voitures \u00e9lectriques reste prometteur, plusieurs pistes sont \u00e9voqu\u00e9es par les experts :<\/p>\n<ul class=\"wp-block-list\">\n<li>D\u00e9velopper des batteries moins d\u00e9pendantes du lithium<\/li>\n<li>Investir massivement dans le recyclage<\/li>\n<li>Diversifier les sources d\u2019approvisionnement en mati\u00e8res premi\u00e8res<\/li>\n<li>\u00c9duquer les consommateurs sur l\u2019entretien et la recharge optimis\u00e9e<\/li>\n<\/ul>\n<p>Ces efforts pourraient r\u00e9duire les risques et renforcer la confiance dans la mobilit\u00e9 \u00e9lectrique.<\/p>\n<p>\t\t<img loading=\"lazy\" decoding=\"async\" src=\"https:\/\/www.europesays.com\/fr\/wp-content\/uploads\/2025\/08\/groupe-patrick-launay-150x150.jpg\" width=\"96\" height=\"96\" alt=\"Patrick Launay\" class=\"avatar avatar-96 wp-user-avatar wp-user-avatar-96 alignnone photo\"\/><\/p>\n<p class=\"wp-block-post-author__name\">Patrick Launay<\/p>\n<p class=\"wp-block-post-author__bio\">Patrick Launay, fondateur du site, est dipl\u00f4m\u00e9 en journalisme avec une sp\u00e9cialisation en ing\u00e9nierie m\u00e9canique. Sa passion pour les voitures, alli\u00e9e \u00e0 son expertise journalistique, lui a permis de lancer en 2001 un m\u00e9dia automobile devenu rapidement incontournable pour les passionn\u00e9s, offrant informations et espace de partage autour de l&rsquo;univers automobile.<\/p>\n","protected":false},"excerpt":{"rendered":"Un march\u00e9 en plein essor\u2026 mais fragilis\u00e9 Les ventes de voitures \u00e9lectriques battent des records en Europe, encourag\u00e9es&hellip;\n","protected":false},"author":2,"featured_media":316575,"comment_status":"","ping_status":"","sticky":false,"template":"","format":"standard","meta":{"footnotes":""},"categories":[6],"tags":[35,33,34,1011,27],"class_list":{"0":"post-316574","1":"post","2":"type-post","3":"status-publish","4":"format-standard","5":"has-post-thumbnail","7":"category-economie","8":"tag-business","9":"tag-economie","10":"tag-economy","11":"tag-fr","12":"tag-france"},"share_on_mastodon":{"url":"https:\/\/pubeurope.com\/@fr\/115022223377457663","error":""},"_links":{"self":[{"href":"https:\/\/www.europesays.com\/fr\/wp-json\/wp\/v2\/posts\/316574","targetHints":{"allow":["GET"]}}],"collection":[{"href":"https:\/\/www.europesays.com\/fr\/wp-json\/wp\/v2\/posts"}],"about":[{"href":"https:\/\/www.europesays.com\/fr\/wp-json\/wp\/v2\/types\/post"}],"author":[{"embeddable":true,"href":"https:\/\/www.europesays.com\/fr\/wp-json\/wp\/v2\/users\/2"}],"replies":[{"embeddable":true,"href":"https:\/\/www.europesays.com\/fr\/wp-json\/wp\/v2\/comments?post=316574"}],"version-history":[{"count":0,"href":"https:\/\/www.europesays.com\/fr\/wp-json\/wp\/v2\/posts\/316574\/revisions"}],"wp:featuredmedia":[{"embeddable":true,"href":"https:\/\/www.europesays.com\/fr\/wp-json\/wp\/v2\/media\/316575"}],"wp:attachment":[{"href":"https:\/\/www.europesays.com\/fr\/wp-json\/wp\/v2\/media?parent=316574"}],"wp:term":[{"taxonomy":"category","embeddable":true,"href":"https:\/\/www.europesays.com\/fr\/wp-json\/wp\/v2\/categories?post=316574"},{"taxonomy":"post_tag","embeddable":true,"href":"https:\/\/www.europesays.com\/fr\/wp-json\/wp\/v2\/tags?post=316574"}],"curies":[{"name":"wp","href":"https:\/\/api.w.org\/{rel}","templated":true}]}}