{"id":316581,"date":"2025-08-13T15:46:11","date_gmt":"2025-08-13T15:46:11","guid":{"rendered":"https:\/\/www.europesays.com\/fr\/316581\/"},"modified":"2025-08-13T15:46:11","modified_gmt":"2025-08-13T15:46:11","slug":"saint-etienne-interpelle-en-trottinette-electrique-il-avait-des-stupefiants-sur-lui","status":"publish","type":"post","link":"https:\/\/www.europesays.com\/fr\/316581\/","title":{"rendered":"Saint-Etienne. Interpell\u00e9 en trottinette \u00e9lectrique, il avait des stup\u00e9fiants sur lui"},"content":{"rendered":"<p>Lundi \u00e0 18 heures, boulevard Jules-Janin \u00e0 Saint-Etienne, la police nationale arr\u00eate un utilisateur de trottinette \u00e9lectrique qui conduisait de fa\u00e7on inappropri\u00e9e sur la rote. Lors du contr\u00f4le, les agents retrouvent dans son sac banane 150 grammes de r\u00e9sine de cannabis et 1\u00a0200\u00a0euros en liquide. Plac\u00e9 en garde \u00e0 vue, ce St\u00e9phanois, \u00e2g\u00e9 de 22 ans, a \u00e9t\u00e9 pr\u00e9sent\u00e9 devant un magistrat dans le cadre d\u2019une CRPC (Comparution sur reconnaissance pr\u00e9alable de culpabilit\u00e9).<\/p>\n","protected":false},"excerpt":{"rendered":"Lundi \u00e0 18 heures, boulevard Jules-Janin \u00e0 Saint-Etienne, la police nationale arr\u00eate un utilisateur de trottinette \u00e9lectrique qui&hellip;\n","protected":false},"author":2,"featured_media":316582,"comment_status":"","ping_status":"","sticky":false,"template":"","format":"standard","meta":{"footnotes":""},"categories":[9653],"tags":[1111,11,2430,271,272,7539,1777,674,274,1011,27,3367,12,25,4001,7538],"class_list":{"0":"post-316581","1":"post","2":"type-post","3":"status-publish","4":"format-standard","5":"has-post-thumbnail","7":"category-saint-etienne","8":"tag-actu","9":"tag-actualites","10":"tag-auvergne-rhone-alpes","11":"tag-crime","12":"tag-delit-et-contravention","13":"tag-edition-loire-sud","14":"tag-eu","15":"tag-europe","16":"tag-faits-divers-justice","17":"tag-fr","18":"tag-france","19":"tag-loire","20":"tag-news","21":"tag-republique-francaise","22":"tag-saint-etienne","23":"tag-saint-etienne-ville"},"share_on_mastodon":{"url":"https:\/\/pubeurope.com\/@fr\/115022239175163116","error":""},"_links":{"self":[{"href":"https:\/\/www.europesays.com\/fr\/wp-json\/wp\/v2\/posts\/316581","targetHints":{"allow":["GET"]}}],"collection":[{"href":"https:\/\/www.europesays.com\/fr\/wp-json\/wp\/v2\/posts"}],"about":[{"href":"https:\/\/www.europesays.com\/fr\/wp-json\/wp\/v2\/types\/post"}],"author":[{"embeddable":true,"href":"https:\/\/www.europesays.com\/fr\/wp-json\/wp\/v2\/users\/2"}],"replies":[{"embeddable":true,"href":"https:\/\/www.europesays.com\/fr\/wp-json\/wp\/v2\/comments?post=316581"}],"version-history":[{"count":0,"href":"https:\/\/www.europesays.com\/fr\/wp-json\/wp\/v2\/posts\/316581\/revisions"}],"wp:featuredmedia":[{"embeddable":true,"href":"https:\/\/www.europesays.com\/fr\/wp-json\/wp\/v2\/media\/316582"}],"wp:attachment":[{"href":"https:\/\/www.europesays.com\/fr\/wp-json\/wp\/v2\/media?parent=316581"}],"wp:term":[{"taxonomy":"category","embeddable":true,"href":"https:\/\/www.europesays.com\/fr\/wp-json\/wp\/v2\/categories?post=316581"},{"taxonomy":"post_tag","embeddable":true,"href":"https:\/\/www.europesays.com\/fr\/wp-json\/wp\/v2\/tags?post=316581"}],"curies":[{"name":"wp","href":"https:\/\/api.w.org\/{rel}","templated":true}]}}