{"id":316585,"date":"2025-08-13T15:50:25","date_gmt":"2025-08-13T15:50:25","guid":{"rendered":"https:\/\/www.europesays.com\/fr\/316585\/"},"modified":"2025-08-13T15:50:25","modified_gmt":"2025-08-13T15:50:25","slug":"grand-nancy-un-groupe-de-gens-du-voyage-sinstalle-illegalement-sur-des-terrains-prives","status":"publish","type":"post","link":"https:\/\/www.europesays.com\/fr\/316585\/","title":{"rendered":"Grand Nancy. Un groupe de gens du voyage s\u2019installe ill\u00e9galement sur des terrains priv\u00e9s"},"content":{"rendered":"<p>Depuis ce dimanche, des gens du voyage se sont install\u00e9s dans un champ, situ\u00e9 \u00e0 proximit\u00e9 des jardins communaux et de centre technique de la commune.<\/p>\n<p>Six caravanes, trois fourgons et quatre voitures sont install\u00e9s sans autorisation sur des terres agricoles appartenant \u00e0 plusieurs propri\u00e9taires priv\u00e9s.<\/p>\n<p>La mairie confirme que cette installation s\u2019est faite sans autorisation pr\u00e9alable, en dehors des aires d\u2019accueils pr\u00e9vues par le d\u00e9partement.\u00a0La municipalit\u00e9 et la police municipale ont constat\u00e9 la situation.<\/p>\n<p>Ce contenu est bloqu\u00e9 car vous n&rsquo;avez pas accept\u00e9 les cookies et autres traceurs.<\/p>\n<p>En cliquant sur \u00ab J\u2019accepte \u00bb, les cookies et autres traceurs seront d\u00e9pos\u00e9s et vous pourrez visualiser les contenus  (<a href=\"\" class=\"consentModule_policy\" target=\"_blank\" title=\"Consulter la politique de protection des donn\u00e9es du fournisseur\">plus d&rsquo;informations<\/a>).<\/p>\n<p>En cliquant sur \u00ab J\u2019accepte tous les cookies \u00bb, vous autorisez des d\u00e9p\u00f4ts de cookies et autres traceurs pour le stockage de vos donn\u00e9es sur nos sites et applications \u00e0 des fins de personnalisation et de ciblage publicitaire.<\/p>\n<p class=\"consentModule_secondaryText\">Vous gardez la possibilit\u00e9 de retirer votre consentement \u00e0 tout moment en consultant notre <a href=\"https:\/\/www.estrepublicain.fr\/protection-des-donnees\" target=\"_blank\" title=\"Consulter notre politique de protection des donn\u00e9es\" rel=\"noopener\">politique de protection des donn\u00e9es<\/a>. <br \/>&#13;<br \/>\n            <a href=\"https:\/\/www.estrepublicain.fr\/societe\/2025\/08\/13\/javascript:Didomi.notice.show()\" class=\"consentModule_cmp\" target=\"_blank\" rel=\"noopener\">G\u00e9rer mes choix<\/a>&#13;\n        <\/p>\n<p>&#13;<br \/>\n                        J&rsquo;accepte&#13;<br \/>\n            J&rsquo;accepte tous les cookies&#13;\n        <\/p>\n<p>  Seconde implantation ill\u00e9gale dans la commune<\/p>\n<p>Cette installation est dor\u00e9navant la seconde implantation ill\u00e9gale de gens du voyage dans la commune. \u00c9tant install\u00e9s sur des terrains priv\u00e9s, les autorit\u00e9s publiques n\u2019ont ici aucune autorit\u00e9 de police. Les propri\u00e9taires des terrains sont \u00e0 ce stade entr\u00e9s dans une phase de d\u00e9p\u00f4t de plainte. S\u2019ils souhaitent faire expulser les occupants ill\u00e9gaux, il leur faudra faire constater l\u2019occupation par un huissier et respecter les d\u00e9lais l\u00e9gaux pour demander une expulsion.<\/p>\n<p>Dans le quartier, les entreprises situ\u00e9es \u00e0 proximit\u00e9 et les riverains expriment leurs inqui\u00e9tudes quant aux nuisances diverses occasionn\u00e9es par cette occupation. Le m\u00e9contentement est d\u2019autant plus fort que l\u2019occupation de ce champ n\u2019est pas la premi\u00e8re. \u00ab\u00a0Lors de la derni\u00e8re occupation, explique un riverain, ils sont rest\u00e9s un mois et m\u00eame si les nuisances sonores \u00e9taient faibles \u00e0 leur d\u00e9part, le site n\u2019a pas \u00e9t\u00e9 rendu dans un \u00e9tat de propret\u00e9 normal. \u00bb<\/p>\n<p>  Des plots de s\u00e9curit\u00e9 d\u00e9plac\u00e9s<\/p>\n<p>Effectivement cette installation n\u2019est pas la premi\u00e8re. Pour emp\u00eacher les v\u00e9hicules de s\u2019introduire sur le terrain, la municipalit\u00e9 avait fait installer d\u2019\u00e9normes plots en b\u00e9ton au milieu du chemin situ\u00e9 entre le centre technique et la rue des Grands-Jardins mais ceux-ci malgr\u00e9 leur poids ont \u00e9t\u00e9 d\u00e9plac\u00e9s par les occupants ill\u00e9gaux. Ceux-ci ont m\u00eame arrach\u00e9 les branches des arbres entravant leur passage.<\/p>\n<p>Ils ont \u00e9galement branch\u00e9 \u00e9lectricit\u00e9 et canalisations d\u2019eau aupr\u00e8s des entreprises situ\u00e9es sur le bas de la rue des \u00c9rables.<\/p>\n","protected":false},"excerpt":{"rendered":"Depuis ce dimanche, des gens du voyage se sont install\u00e9s dans un champ, situ\u00e9 \u00e0 proximit\u00e9 des jardins&hellip;\n","protected":false},"author":2,"featured_media":316586,"comment_status":"","ping_status":"","sticky":false,"template":"","format":"standard","meta":{"footnotes":""},"categories":[9635],"tags":[1111,11,1704,1777,674,1011,27,775,19913,6364,1702,12,25,104],"class_list":{"0":"post-316585","1":"post","2":"type-post","3":"status-publish","4":"format-standard","5":"has-post-thumbnail","7":"category-nancy","8":"tag-actu","9":"tag-actualites","10":"tag-edition-nancy-et-agglomeration","11":"tag-eu","12":"tag-europe","13":"tag-fr","14":"tag-france","15":"tag-grand-est","16":"tag-heillecourt","17":"tag-metropole-du-grand-nancy-54b1","18":"tag-nancy","19":"tag-news","20":"tag-republique-francaise","21":"tag-societe"},"share_on_mastodon":{"url":"https:\/\/pubeurope.com\/@fr\/115022254841600722","error":""},"_links":{"self":[{"href":"https:\/\/www.europesays.com\/fr\/wp-json\/wp\/v2\/posts\/316585","targetHints":{"allow":["GET"]}}],"collection":[{"href":"https:\/\/www.europesays.com\/fr\/wp-json\/wp\/v2\/posts"}],"about":[{"href":"https:\/\/www.europesays.com\/fr\/wp-json\/wp\/v2\/types\/post"}],"author":[{"embeddable":true,"href":"https:\/\/www.europesays.com\/fr\/wp-json\/wp\/v2\/users\/2"}],"replies":[{"embeddable":true,"href":"https:\/\/www.europesays.com\/fr\/wp-json\/wp\/v2\/comments?post=316585"}],"version-history":[{"count":0,"href":"https:\/\/www.europesays.com\/fr\/wp-json\/wp\/v2\/posts\/316585\/revisions"}],"wp:featuredmedia":[{"embeddable":true,"href":"https:\/\/www.europesays.com\/fr\/wp-json\/wp\/v2\/media\/316586"}],"wp:attachment":[{"href":"https:\/\/www.europesays.com\/fr\/wp-json\/wp\/v2\/media?parent=316585"}],"wp:term":[{"taxonomy":"category","embeddable":true,"href":"https:\/\/www.europesays.com\/fr\/wp-json\/wp\/v2\/categories?post=316585"},{"taxonomy":"post_tag","embeddable":true,"href":"https:\/\/www.europesays.com\/fr\/wp-json\/wp\/v2\/tags?post=316585"}],"curies":[{"name":"wp","href":"https:\/\/api.w.org\/{rel}","templated":true}]}}