{"id":316587,"date":"2025-08-13T15:51:09","date_gmt":"2025-08-13T15:51:09","guid":{"rendered":"https:\/\/www.europesays.com\/fr\/316587\/"},"modified":"2025-08-13T15:51:09","modified_gmt":"2025-08-13T15:51:09","slug":"la-patrouille-de-france-celebrera-le-15-aout-a-toulon","status":"publish","type":"post","link":"https:\/\/www.europesays.com\/fr\/316587\/","title":{"rendered":"la Patrouille de France c\u00e9l\u00e9brera le 15 ao\u00fbt \u00e0 Toulon"},"content":{"rendered":"<p>            Par<br \/>\n        <strong><br \/>\n            <a href=\"https:\/\/actu.fr\/auteur\/guillemette-herve\" title=\"Consulter tous les articles de Agence de presse APEI\" target=\"_blank\" rel=\"noopener\">Agence de presse APEI<\/a><br \/>\n        <\/strong><\/p>\n<p>        Publi\u00e9 le<\/p>\n<p>            13 ao\u00fbt 2025 \u00e0 16h42        <\/p>\n<p>Les plages du Mourillon, \u00e0 <a href=\"https:\/\/actu.fr\/provence-alpes-cote-d-azur\/toulon_83137\/var-a-toulon-le-stade-mayol-se-modernise_63013685.html\" target=\"_blank\" rel=\"noopener\">Toulon<\/a>, vont s\u2019animer pour le 15 ao\u00fbt. \u00c0 l\u2019occasion de la comm\u00e9moration du 81e anniversaire du D\u00e9barquement en Provence, la Patrouille de France assurera le spectacle avec <strong>son traditionnel meeting a\u00e9rien<\/strong>, \u00e0 18h. Chaque ann\u00e9e, les pilotes de l\u2019Arm\u00e9e de l\u2019air fran\u00e7aise fascinent le public par les figures qu\u2019ils ex\u00e9cutent dans le ciel \u00e0 800 km\/h.<\/p>\n<p>Feu d\u2019artifice et embrasement du fort Saint-Louis<\/p>\n<p class=\" wall-content\">Leurs acrobaties a\u00e9riennes seront pr\u00e9c\u00e9d\u00e9es, \u00e0 partir de 16h30, des d\u00e9monstrations des h\u00e9licopt\u00e8res Dauphin de la 35F et Panther de la 36F, <strong>les deux flottilles<\/strong> \u00e9tant bas\u00e9es \u00e0 <a href=\"https:\/\/actu.fr\/provence-alpes-cote-d-azur\/hyeres_83069\/virus-du-nil-occidental-un-premier-cas-autochtone-identifie-dans-le-var_62980790.html\" target=\"_blank\" rel=\"noopener\">Hy\u00e8res<\/a>. Suivront les prestations de l\u2019\u00e9cole de voltige de l\u2019Arm\u00e9e de l\u2019air et de l\u2019espace puis de l\u2019association Rafale Solo Display.<\/p>\n<p>    <a href=\"https:\/\/www.facebook.com\/plugins\/post.php?href=https%3A%2F%2Fwww.facebook.com%2Fvilledetoulon%2Fposts%2Fpfbid0PTQ3QKJgoKVmJpwo2PBYKxTXoJ8onbiP5UDcV2FqFT4h7833UgZKMzTj4EmA1c7Vl&amp;show_text=true&amp;width=350\" title=\"Ouvrie le lien\" target=\"_blank\" rel=\"noopener\">Cliquez ici pour visualiser le contenu<\/a><\/p>\n<p class=\" wall-content\">Pour terminer en beaut\u00e9 <strong>cette journ\u00e9e festive<\/strong>, le ciel toulonnais se parera d\u2019\u00e9clats de lumi\u00e8re, d\u00e8s 22h, avec le feu d\u2019artifice et l\u2019embrasement du fort Saint-Louis.\u00a0\u00a0<\/p>\n<p class=\" wall-content\">Suivez toute l\u2019actualit\u00e9 de vos villes et m\u00e9dias favoris en vous inscrivant \u00e0 <a href=\"https:\/\/moncompte.actu.fr\" title=\"D\u00e9couvez Mon Actu\" rel=\"nofollow noopener\" data-trk=\"{&quot;cta&quot;:{&quot;action&quot;:&quot;https:\\\/\\\/moncompte.actu.fr&quot;,&quot;category&quot;:&quot;mon compte&quot;,&quot;from&quot;:&quot;article footer&quot;,&quot;name&quot;:&quot;Mon actu&quot;,&quot;type&quot;:&quot;cta&quot;}}\" target=\"_blank\">Mon Actu<\/a>.<\/p>\n<ul class=\"ac-article-tag wall-content\">\n<li><a href=\"https:\/\/actu.fr\/tag\/aeronautique\" data-trk=\"{&quot;cta&quot;:{&quot;action&quot;:&quot;A\\u00e9ronautique&quot;,&quot;category&quot;:&quot;tag&quot;,&quot;from&quot;:&quot;article footer&quot;,&quot;name&quot;:&quot;A\\u00e9ronautique&quot;,&quot;type&quot;:&quot;cta&quot;}}\" target=\"_blank\" rel=\"noopener\">#A\u00e9ronautique<\/a><\/li>\n<li><a href=\"https:\/\/actu.fr\/tag\/animations\" data-trk=\"{&quot;cta&quot;:{&quot;action&quot;:&quot;Animations&quot;,&quot;category&quot;:&quot;tag&quot;,&quot;from&quot;:&quot;article footer&quot;,&quot;name&quot;:&quot;Animations&quot;,&quot;type&quot;:&quot;cta&quot;}}\" target=\"_blank\" rel=\"noopener\">#Animations<\/a><\/li>\n<\/ul>\n","protected":false},"excerpt":{"rendered":"Par Agence de presse APEI Publi\u00e9 le 13 ao\u00fbt 2025 \u00e0 16h42 Les plages du Mourillon, \u00e0 Toulon,&hellip;\n","protected":false},"author":2,"featured_media":316588,"comment_status":"","ping_status":"","sticky":false,"template":"","format":"standard","meta":{"footnotes":""},"categories":[9619],"tags":[1111,11,296,1063,1777,674,1011,27,1652,12,882,25,2310],"class_list":{"0":"post-316587","1":"post","2":"type-post","3":"status-publish","4":"format-standard","5":"has-post-thumbnail","7":"category-toulon","8":"tag-actu","9":"tag-actualites","10":"tag-aeronautique","11":"tag-animations","12":"tag-eu","13":"tag-europe","14":"tag-fr","15":"tag-france","16":"tag-loisirs-culture","17":"tag-news","18":"tag-provence-alpes-cote-dazur","19":"tag-republique-francaise","20":"tag-toulon"},"share_on_mastodon":{"url":"https:\/\/pubeurope.com\/@fr\/115022258711082493","error":""},"_links":{"self":[{"href":"https:\/\/www.europesays.com\/fr\/wp-json\/wp\/v2\/posts\/316587","targetHints":{"allow":["GET"]}}],"collection":[{"href":"https:\/\/www.europesays.com\/fr\/wp-json\/wp\/v2\/posts"}],"about":[{"href":"https:\/\/www.europesays.com\/fr\/wp-json\/wp\/v2\/types\/post"}],"author":[{"embeddable":true,"href":"https:\/\/www.europesays.com\/fr\/wp-json\/wp\/v2\/users\/2"}],"replies":[{"embeddable":true,"href":"https:\/\/www.europesays.com\/fr\/wp-json\/wp\/v2\/comments?post=316587"}],"version-history":[{"count":0,"href":"https:\/\/www.europesays.com\/fr\/wp-json\/wp\/v2\/posts\/316587\/revisions"}],"wp:featuredmedia":[{"embeddable":true,"href":"https:\/\/www.europesays.com\/fr\/wp-json\/wp\/v2\/media\/316588"}],"wp:attachment":[{"href":"https:\/\/www.europesays.com\/fr\/wp-json\/wp\/v2\/media?parent=316587"}],"wp:term":[{"taxonomy":"category","embeddable":true,"href":"https:\/\/www.europesays.com\/fr\/wp-json\/wp\/v2\/categories?post=316587"},{"taxonomy":"post_tag","embeddable":true,"href":"https:\/\/www.europesays.com\/fr\/wp-json\/wp\/v2\/tags?post=316587"}],"curies":[{"name":"wp","href":"https:\/\/api.w.org\/{rel}","templated":true}]}}