{"id":316594,"date":"2025-08-13T15:55:09","date_gmt":"2025-08-13T15:55:09","guid":{"rendered":"https:\/\/www.europesays.com\/fr\/316594\/"},"modified":"2025-08-13T15:55:09","modified_gmt":"2025-08-13T15:55:09","slug":"le-pays-de-bray-concerne","status":"publish","type":"post","link":"https:\/\/www.europesays.com\/fr\/316594\/","title":{"rendered":"le Pays de Bray concern\u00e9"},"content":{"rendered":"<p>            Par<br \/>\n        <strong><br \/>\n            <a href=\"https:\/\/actu.fr\/auteur\/adam-casies\" title=\"Consulter tous les articles de Adam Casies\" rel=\"nofollow noopener\" target=\"_blank\">Adam Casies<\/a><br \/>\n        <\/strong><\/p>\n<p>        Publi\u00e9 le<\/p>\n<p>            13 ao\u00fbt 2025 \u00e0 15h33        <\/p>\n<p>Le 11\u00a0ao\u00fbt 2025, la <b>pr\u00e9fecture de Seine-Maritime<\/b> a plac\u00e9 une partie du d\u00e9partement en <b>vigilance s\u00e9cheresse<\/b>, touchant 61 communes. Parmi elles, figurent <a href=\"https:\/\/actu.fr\/normandie\/forges-les-eaux_76276\" rel=\"nofollow noopener\" target=\"_blank\">Forges-les-Eaux<\/a>, <a href=\"https:\/\/actu.fr\/normandie\/gournay-en-bray_76312\" rel=\"nofollow noopener\" target=\"_blank\">Gournay-en-Bray<\/a> et <a href=\"https:\/\/actu.fr\/normandie\/neufchatel-en-bray_76462\" rel=\"nofollow noopener\" target=\"_blank\">Neufch\u00e2tel-en-Bray<\/a>.<\/p>\n<p>L\u2019Epte<\/p>\n<p class=\" wall-content\">Le pr\u00e9fet de la Seine-Maritime annonce que la <a href=\"https:\/\/www.seine-maritime.gouv.fr\/contenu\/telechargement\/68772\/485524\/file\/20250811_AP_Vigilance_Zone10_Signe.pdf\" rel=\"nofollow noopener\" target=\"_blank\">zone 10 \u2013 Bray<\/a> est d\u00e9sormais plac\u00e9e en vigilance s\u00e9cheresse. Sont \u00e9galement concern\u00e9es les communes d\u2019<b>Argueil<\/b>, <a href=\"https:\/\/actu.fr\/normandie\/gaillefontaine_76295\/4-jours-de-fete-vous-attendent-a-gaillefontaine-decouvrez-le-programme-detaille_63026030.html\" rel=\"nofollow noopener\" target=\"_blank\">Gaillefontaine\u00a0<\/a>et <b>Sommery<\/b>.<\/p>\n<p class=\" wall-content\">Cette d\u00e9cision fait suite \u00e0 la baisse du niveau de l\u2019<a href=\"https:\/\/actu.fr\/tag\/epte\" rel=\"nofollow noopener\" target=\"_blank\">Epte<\/a>. \u00ab\u2009La zone 10 \u2013 Bray passe en vigilance s\u00e9cheresse suite au passage sous le seuil de vigilance du d\u00e9bit d\u2019eau r\u00e9f\u00e9rence de l\u2019Epte \u00e0 Gournay-en-Bray\u2009\u00bb, indique <b>Jean-Beno\u00eet Albertini<\/b>, pr\u00e9fet de la Seine-Maritime.<\/p>\n<p class=\" wall-content\">Depuis le d\u00e9but de l\u2019ann\u00e9e, l\u2019<b>Epte<\/b> a d\u00e9j\u00e0 plusieurs fois d\u00e9clench\u00e9 des niveaux d\u2019alerte chez les services publics.<\/p>\n<p>Vid\u00e9os : en ce moment sur ActuSensibilisation aupr\u00e8s des habitants<\/p>\n<p data-end=\"292\" class=\" wall-content\">Ce passage en vigilance incite les habitants \u00e0 redoubler d\u2019attention. \u00ab\u2009Cet arr\u00eat\u00e9 n\u2019impose <b>aucune restriction d\u2019usage<\/b>, mais vise \u00e0 sensibiliser les usagers aux r\u00e8gles de bon usage et d\u2019\u00e9conomie de l\u2019eau et \u00e0 encourager un usage responsable par tous\u2009\u00bb, pr\u00e9cise le pr\u00e9fet.<\/p>\n<p class=\" wall-content\">Un bulletin d\u2019information sera publi\u00e9 chaque semaine par <a href=\"https:\/\/dd.gitlab-pages.din.developpement-durable.gouv.fr\/ddtm76\/bmcp\/indicateurs-eaux-76\/\" rel=\"nofollow noopener\" target=\"_blank\">Infeau\u2019graphie<\/a> afin de suivre l\u2019<b>\u00e9volution<\/b> de la situation. Les autres zones du d\u00e9partement de la Seine-Maritime ne devraient pas \u00eatre plac\u00e9es en alerte cette ann\u00e9e.<\/p>\n<p data-end=\"194\" data-is-only-node=\"\" class=\" wall-content\">Pour plus d\u2019informations, rendez-vous sur le site de la\u00a0<a href=\"https:\/\/www.seine-maritime.gouv.fr\/Actualites\/Secheresse-la-zone-10-Bray-placee-en-vigilance\" rel=\"nofollow noopener\" target=\"_blank\">pr\u00e9fecture de Seine-Maritime<\/a>.<\/p>\n<p class=\" wall-content\">Suivez toute l\u2019actualit\u00e9 de vos villes et m\u00e9dias favoris en vous inscrivant \u00e0 <a href=\"https:\/\/moncompte.actu.fr\" title=\"D\u00e9couvez Mon Actu\" rel=\"nofollow noopener\" data-trk=\"{&quot;cta&quot;:{&quot;action&quot;:&quot;https:\\\/\\\/moncompte.actu.fr&quot;,&quot;category&quot;:&quot;mon compte&quot;,&quot;from&quot;:&quot;article footer&quot;,&quot;name&quot;:&quot;Mon actu&quot;,&quot;type&quot;:&quot;cta&quot;}}\" target=\"_blank\">Mon Actu<\/a>.<\/p>\n","protected":false},"excerpt":{"rendered":"Par Adam Casies Publi\u00e9 le 13 ao\u00fbt 2025 \u00e0 15h33 Le 11\u00a0ao\u00fbt 2025, la pr\u00e9fecture de Seine-Maritime a&hellip;\n","protected":false},"author":2,"featured_media":316595,"comment_status":"","ping_status":"","sticky":false,"template":"","format":"standard","meta":{"footnotes":""},"categories":[9587],"tags":[1111,11,45516,1777,674,1011,27,12,5161,10175,25,9590,12817,104],"class_list":{"0":"post-316594","1":"post","2":"type-post","3":"status-publish","4":"format-standard","5":"has-post-thumbnail","7":"category-rouen","8":"tag-actu","9":"tag-actualites","10":"tag-epte","11":"tag-eu","12":"tag-europe","13":"tag-fr","14":"tag-france","15":"tag-news","16":"tag-normandie","17":"tag-pays-de-bray","18":"tag-republique-francaise","19":"tag-rouen","20":"tag-secheresse","21":"tag-societe"},"share_on_mastodon":{"url":"https:\/\/pubeurope.com\/@fr\/115022274443686694","error":""},"_links":{"self":[{"href":"https:\/\/www.europesays.com\/fr\/wp-json\/wp\/v2\/posts\/316594","targetHints":{"allow":["GET"]}}],"collection":[{"href":"https:\/\/www.europesays.com\/fr\/wp-json\/wp\/v2\/posts"}],"about":[{"href":"https:\/\/www.europesays.com\/fr\/wp-json\/wp\/v2\/types\/post"}],"author":[{"embeddable":true,"href":"https:\/\/www.europesays.com\/fr\/wp-json\/wp\/v2\/users\/2"}],"replies":[{"embeddable":true,"href":"https:\/\/www.europesays.com\/fr\/wp-json\/wp\/v2\/comments?post=316594"}],"version-history":[{"count":0,"href":"https:\/\/www.europesays.com\/fr\/wp-json\/wp\/v2\/posts\/316594\/revisions"}],"wp:featuredmedia":[{"embeddable":true,"href":"https:\/\/www.europesays.com\/fr\/wp-json\/wp\/v2\/media\/316595"}],"wp:attachment":[{"href":"https:\/\/www.europesays.com\/fr\/wp-json\/wp\/v2\/media?parent=316594"}],"wp:term":[{"taxonomy":"category","embeddable":true,"href":"https:\/\/www.europesays.com\/fr\/wp-json\/wp\/v2\/categories?post=316594"},{"taxonomy":"post_tag","embeddable":true,"href":"https:\/\/www.europesays.com\/fr\/wp-json\/wp\/v2\/tags?post=316594"}],"curies":[{"name":"wp","href":"https:\/\/api.w.org\/{rel}","templated":true}]}}