{"id":316598,"date":"2025-08-13T16:01:17","date_gmt":"2025-08-13T16:01:17","guid":{"rendered":"https:\/\/www.europesays.com\/fr\/316598\/"},"modified":"2025-08-13T16:01:17","modified_gmt":"2025-08-13T16:01:17","slug":"ca-a-change-ma-vie-comment-le-titre-de-majeste-darvor-a-transforme-lalreenne-naig-bridou","status":"publish","type":"post","link":"https:\/\/www.europesays.com\/fr\/316598\/","title":{"rendered":"\u00ab\u00a0\u00c7a a chang\u00e9 ma vie\u00a0\u00bb\u00a0: comment le titre de Majest\u00e9 d\u2019Arvor a transform\u00e9 l\u2019Alr\u00e9enne Na\u00efg Bridou"},"content":{"rendered":"<p>La culture bretonne accompagne Na\u00efg Bridou depuis l\u2019enfance. \u00ab\u00a0Ma vie tourne autour de la danse depuis toute petite. Je suis entr\u00e9e \u00e0 la Kevrenn Alr\u00e9 \u00e0 l\u2019\u00e2ge de 5 ans. Je vais en avoir 24 dans une semaine\u00a0\u00bb. Mais c\u2019est l\u2019ann\u00e9e qui vient de s\u2019\u00e9couler qui marque une rupture dans ses presque 20 ann\u00e9es de pratique. \u00ab\u00a0Oui, <a href=\"https:\/\/www.letelegramme.fr\/morbihan\/vannes-56000\/a-vannes-naig-bridou-elue-majeste-darvor-2024-6638203.php\" title=\"www.letelegramme.fr\" rel=\"nofollow noopener\" target=\"_blank\">le titre de Majest\u00e9 d\u2019Arvor a chang\u00e9 ma vie<\/a>, avance la jeune femme avec naturel et sans peur du superlatif. J\u2019\u00e9tais de nature timide, quasi asociale. Le titre et toutes les rencontres qu\u2019il m\u2019a permis de faire m\u2019ont transform\u00e9e\u00a0\u00bb.<\/p>\n<p>Et dans ces rencontres, certaines sortent du lot. \u00ab\u200aQuand on est reine d\u2019un festival, on invite les reines des autres festivals \u00e0 une r\u00e9ception et on est soi-m\u00eame invit\u00e9e. C\u2019est plus officiel qu\u2019un ap\u00e9ro entre copines, mais c\u2019est tr\u00e8s sympa\u00a0\u00bb. Le naturel revenant au galop, ces soir\u00e9es sont agr\u00e9ment\u00e9es de danses bretonnes ou de quiz\u2026 sur la culture bretonne.<\/p>\n<p>Exit les tatouages, le piercing et les boucles d\u2019oreille<\/p>\n<p>Le bras droit de Na\u00efg Bridou est g\u00e9n\u00e9reusement tatou\u00e9 d\u2019ornements d\u2019inspiration plut\u00f4t florale. C\u2019est joli, mais \u00e7a ne suffit pas pour que la jeune femme puisse les montrer lorsqu\u2019elle se produit avec le cercle celtique d\u2019Auray. \u00ab\u00a0\u00c0 la Kevrenn Alr\u00e9, on n\u2019a pas le droit alors que c\u2019est possible dans d\u2019autres formations. Et comme je suis responsable de la danse adulte, j\u2019ai un devoir d\u2019exemplarit\u00e9\u00a0\u00bb. Exit le piercing au nez et les boucles d\u2019oreilles \u00e9galement, au nom de la tradition.s<\/p>\n<p>C\u2019est donc les bras recouverts qu\u2019elle danse. Et ce quasiment tous les week-ends en cette saison estivale. \u00ab\u00a0L\u2019\u00e9t\u00e9, c\u2019est charg\u00e9, reconna\u00eet Na\u00efg Bridou. Dimanche, nous \u00e9tions \u00e0 la F\u00eate des bruy\u00e8res \u00e0 Beuzec-Cap Sizun (29). Cette semaine <a href=\"https:\/\/www.letelegramme.fr\/morbihan\/vannes-56000\/traditions-costumes-et-majeste-cinq-choses-a-savoir-sur-le-festival-darvor-du-14-au-17-aout-a-vannes-6869704.php\" target=\"_blank\" rel=\"nofollow noopener\">c\u2019est le festival d\u2019Arvor<\/a>, le week-end prochain on participe aux Filets bleus \u00e0 Concarneau\u00a0\u00bb. Elle s\u2019est quand m\u00eame offert un break avec Alexandre, son compagnon, un ancien musicien de la Kevrenn. \u00ab\u00a0On est all\u00e9s dans le Pays basque une semaine. C\u2019\u00e9tait tr\u00e8s chouette mais il y avait un monde fou\u00a0\u00bb.<\/p>\n<p>Le stress de l\u2019oral<\/p>\n<p>Le d\u00e9fil\u00e9 nocturne du 15 ao\u00fbt devrait lui rappeler ses vacances. C\u2019est une foule dense qui accompagne traditionnellement les cercles tout le long de leur d\u00e9ambulation dans l\u2019intra-muros jusqu\u2019aux remparts de Vannes. Elle y portera le nouveau tablier et la nouvelle couronne qu\u2019elle s\u2019est choisis, offerts par le festival d\u2019Arvor. La journ\u00e9e de vendredi sera longue et remplie pour l\u2019Alr\u00e9enne, auxiliaire de cr\u00e8che \u00e0 Hennebont dans le civil. Elle accompagnera d\u00e8s le matin les deux pr\u00e9tendants au titre de Majest\u00e9 d\u2019Arvor, <a href=\"https:\/\/www.letelegramme.fr\/morbihan\/vannes-56000\/a-vannes-qui-sont-les-deux-pretendants-au-titre-de-majeste-darvor-2025-6869526.php\" target=\"_blank\" rel=\"nofollow noopener\">\u00c9lodie Cade et Jean-Christophe Le Plain<\/a>.<\/p>\n<p>Les oraux qui d\u00e9buteront la journ\u00e9e lui rappelleront sans doute le stress qui l\u2019avait travers\u00e9e lorsque la timide et quasi asociale candidate qu\u2019elle \u00e9tait avait d\u00fb surmonter cette \u00e9preuve en ao\u00fbt 2024. Puis viendra l\u2019heure de passer le flambeau et de passer \u00e0 autre chose. Enfin pas tout \u00e0 fait\u00a0: Na\u00efg Bridou a maintenant l\u2019intention de s\u2019investir dans la commission Majest\u00e9 du festival d\u2019Arvor. On ne se refait pas.<\/p>\n","protected":false},"excerpt":{"rendered":"La culture bretonne accompagne Na\u00efg Bridou depuis l\u2019enfance. \u00ab\u00a0Ma vie tourne autour de la danse depuis toute petite.&hellip;\n","protected":false},"author":2,"featured_media":316599,"comment_status":"","ping_status":"","sticky":false,"template":"","format":"standard","meta":{"footnotes":""},"categories":[2821],"tags":[1111,11,7507,829,1777,674,45517,1011,27,17980,12,584,25,3165],"class_list":{"0":"post-316598","1":"post","2":"type-post","3":"status-publish","4":"format-standard","5":"has-post-thumbnail","7":"category-rennes","8":"tag-actu","9":"tag-actualites","10":"tag-auray","11":"tag-bretagne","12":"tag-eu","13":"tag-europe","14":"tag-festival-darvor","15":"tag-fr","16":"tag-france","17":"tag-hennebont","18":"tag-news","19":"tag-rennes","20":"tag-republique-francaise","21":"tag-vannes"},"share_on_mastodon":{"url":"https:\/\/pubeurope.com\/@fr\/115022298095394478","error":""},"_links":{"self":[{"href":"https:\/\/www.europesays.com\/fr\/wp-json\/wp\/v2\/posts\/316598","targetHints":{"allow":["GET"]}}],"collection":[{"href":"https:\/\/www.europesays.com\/fr\/wp-json\/wp\/v2\/posts"}],"about":[{"href":"https:\/\/www.europesays.com\/fr\/wp-json\/wp\/v2\/types\/post"}],"author":[{"embeddable":true,"href":"https:\/\/www.europesays.com\/fr\/wp-json\/wp\/v2\/users\/2"}],"replies":[{"embeddable":true,"href":"https:\/\/www.europesays.com\/fr\/wp-json\/wp\/v2\/comments?post=316598"}],"version-history":[{"count":0,"href":"https:\/\/www.europesays.com\/fr\/wp-json\/wp\/v2\/posts\/316598\/revisions"}],"wp:featuredmedia":[{"embeddable":true,"href":"https:\/\/www.europesays.com\/fr\/wp-json\/wp\/v2\/media\/316599"}],"wp:attachment":[{"href":"https:\/\/www.europesays.com\/fr\/wp-json\/wp\/v2\/media?parent=316598"}],"wp:term":[{"taxonomy":"category","embeddable":true,"href":"https:\/\/www.europesays.com\/fr\/wp-json\/wp\/v2\/categories?post=316598"},{"taxonomy":"post_tag","embeddable":true,"href":"https:\/\/www.europesays.com\/fr\/wp-json\/wp\/v2\/tags?post=316598"}],"curies":[{"name":"wp","href":"https:\/\/api.w.org\/{rel}","templated":true}]}}